{
    "id": 3480,
    "date": "2023-11-13T10:00:00",
    "date_gmt": "2023-11-13T09:00:00",
    "guid": {
        "rendered": "https:\/\/care-o-sene.com\/?p=3480"
    },
    "modified": "2023-11-15T11:58:08",
    "modified_gmt": "2023-11-15T10:58:08",
    "slug": "care-o-sene-projektmitglied-moritz-wolf-erhalt-carl-zerbe-preis",
    "status": "publish",
    "type": "post",
    "link": "https:\/\/care-o-sene.com\/de_de\/2023\/11\/13\/care-o-sene-projektmitglied-moritz-wolf-erhalt-carl-zerbe-preis\/",
    "title": {
        "rendered": "CARE-O-SENE Projektmitglied Moritz Wolf erh\u00e4lt Carl-Zerbe-Preis"
    },
    "content": {
        "rendered": "<div data-elementor-type=\"wp-post\" data-elementor-id=\"3480\" class=\"elementor elementor-3480\">\n\t\t\t\t\t\t<section class=\"elementor-section elementor-top-section elementor-element elementor-element-7ec1207 elementor-section-boxed elementor-section-height-default elementor-section-height-default\" data-id=\"7ec1207\" data-element_type=\"section\" data-settings=\"{&quot;jet_parallax_layout_list&quot;:[]}\">\n\t\t\t\t\t\t<div class=\"elementor-container elementor-column-gap-default\">\n\t\t\t\t\t<div class=\"elementor-column elementor-col-100 elementor-top-column elementor-element elementor-element-894e207\" data-id=\"894e207\" data-element_type=\"column\">\n\t\t\t<div class=\"elementor-widget-wrap elementor-element-populated\">\n\t\t\t\t\t\t<div class=\"elementor-element elementor-element-da9d3fe elementor-align-left elementor-widget elementor-widget-raven-heading\" data-id=\"da9d3fe\" data-element_type=\"widget\" data-widget_type=\"raven-heading.default\">\n\t\t\t\t<div class=\"elementor-widget-container\">\n\t\t\t\t\t<div class=\"raven-widget-wrapper\"><h2 class=\"raven-heading raven-heading-h2\"><span class=\"raven-heading-title\">CARE-O-SENE Projektmitglied Moritz Wolf erh\u00e4lt Carl-Zerbe-Preis<\/span><\/h2><\/div>\r\n\t\t\t\t<\/div>\n\t\t\t\t<\/div>\n\t\t\t\t\t<\/div>\n\t\t<\/div>\n\t\t\t\t\t<\/div>\n\t\t<\/section>\n\t\t\t\t<section class=\"elementor-section elementor-top-section elementor-element elementor-element-258ffd4 elementor-section-boxed elementor-section-height-default elementor-section-height-default\" data-id=\"258ffd4\" data-element_type=\"section\" data-settings=\"{&quot;jet_parallax_layout_list&quot;:[]}\">\n\t\t\t\t\t\t<div class=\"elementor-container elementor-column-gap-default\">\n\t\t\t\t\t<div class=\"elementor-column elementor-col-66 elementor-top-column elementor-element elementor-element-ba51eb5\" data-id=\"ba51eb5\" data-element_type=\"column\">\n\t\t\t<div class=\"elementor-widget-wrap elementor-element-populated\">\n\t\t\t\t\t\t<div class=\"elementor-element elementor-element-11fb011 elementor-widget elementor-widget-text-editor\" data-id=\"11fb011\" data-element_type=\"widget\" data-widget_type=\"text-editor.default\">\n\t\t\t\t<div class=\"elementor-widget-container\">\n\t\t\t\t\t\t\t<p class=\"MsoNormal\">Herzlichen Gl\u00fcckwunsch an CARE-O-SENE Projektmitglied Moritz Wolf, der den\u00a0<a href=\"http:\/\/(https\/\/dgmk.de\/en\/news\/carl-zerbe-preis-fuer-prof-dr-moritz-wolf-vom-karlsruher-institut-fuer-technologie-kit\/)\" target=\"_blank\" rel=\"noopener\">Carl-Zerbe-Preis<\/a>\u00a0auf der Konferenz &#8222;C1 Building Blocks for Future Chemistry&#8220; erhielt, die gemeinsam von der\u00a0<a href=\"https:\/\/www.linkedin.com\/company\/dgmk-e-v\/\" target=\"_blank\" rel=\"noopener\">DGMK e.V.<\/a>\u00a0(Deutsche Wissenschaftliche Gesellschaft f\u00fcr Nachhaltige Energiequellen, Mobilit\u00e4t und Kohlenstoffkreisl\u00e4ufe e. V.) Fachgruppe Petrochemie, der Fachgruppe Industrielle Chemie der Societ\u00e0 Chimica Italiana (SCI,\u00a0<a href=\"https:\/\/www.linkedin.com\/company\/societ%C3%A0-chimica-italiana\/\" target=\"_blank\" rel=\"noopener\">Italienische Chemische Gesellschaft<\/a>) und der \u00d6GEW \u00d6sterreichische Gesellschaft f\u00fcr Energiewissenschaften organisiert wurde und vom 11. bis 13. Oktober 2023 in Dresden stattfand. Diese Veranstaltungsreihe bringt Experten aus Industrie und Wissenschaft zusammen und konzentriert sich auf aktuelle wissenschaftliche und technologische Fragen rund um die Katalyse als Grundlagentechnologie f\u00fcr die Energiewende und eine nachhaltige chemische Industrie.<\/p><p>Erfahren Sie mehr \u00fcber CARE-O-SENE:\u00a0<a href=\"https:\/\/lnkd.in\/eFuTyhMY\" target=\"_blank\" rel=\"noopener\">https:\/\/lnkd.in\/eFuTyhMY<\/a><br \/>Erfahren Sie mehr \u00fcber die Konferenz:\u00a0<a style=\"font-family: var( --e-global-typography-text-font-family ), Sans-serif; font-weight: var( --e-global-typography-text-font-weight ); background-color: #ffffff; font-size: 1rem;\" href=\"https:\/\/lnkd.in\/e62fNM9F\" target=\"_blank\" rel=\"noopener\">https:\/\/lnkd.in\/e62fNM9F<\/a><\/p>\t\t\t\t\t\t<\/div>\n\t\t\t\t<\/div>\n\t\t\t\t\t<\/div>\n\t\t<\/div>\n\t\t\t\t<div class=\"elementor-column elementor-col-33 elementor-top-column elementor-element elementor-element-08d7afe\" data-id=\"08d7afe\" data-element_type=\"column\">\n\t\t\t<div class=\"elementor-widget-wrap elementor-element-populated\">\n\t\t\t\t\t\t<div class=\"elementor-element elementor-element-d9ebce1 elementor-widget elementor-widget-image\" data-id=\"d9ebce1\" data-element_type=\"widget\" data-widget_type=\"image.default\">\n\t\t\t\t<div class=\"elementor-widget-container\">\n\t\t\t\t\t\t\t\t\t\t<figure class=\"wp-caption\">\n\t\t\t\t\t\t\t\t\t\t<img fetchpriority=\"high\" decoding=\"async\" width=\"940\" height=\"1024\" src=\"https:\/\/care-o-sene.com\/wp-content\/uploads\/Portraet_Moritz_Wolf_231110-940x1024.jpg\" class=\"attachment-large size-large wp-image-3482\" alt=\"\" srcset=\"https:\/\/care-o-sene.com\/wp-content\/uploads\/Portraet_Moritz_Wolf_231110-940x1024.jpg 940w, https:\/\/care-o-sene.com\/wp-content\/uploads\/Portraet_Moritz_Wolf_231110-275x300.jpg 275w, https:\/\/care-o-sene.com\/wp-content\/uploads\/Portraet_Moritz_Wolf_231110-768x837.jpg 768w, https:\/\/care-o-sene.com\/wp-content\/uploads\/Portraet_Moritz_Wolf_231110-1409x1536.jpg 1409w, https:\/\/care-o-sene.com\/wp-content\/uploads\/Portraet_Moritz_Wolf_231110-11x12.jpg 11w, https:\/\/care-o-sene.com\/wp-content\/uploads\/Portraet_Moritz_Wolf_231110.jpg 1590w\" sizes=\"(max-width: 940px) 100vw, 940px\" \/>\t\t\t\t\t\t\t\t\t\t\t<figcaption class=\"widget-image-caption wp-caption-text\">Moritz Wolf bei der Verleihung des Carl-Zerbe-Preises (Foto: Peter Leuten\/DVV Media).<\/figcaption>\n\t\t\t\t\t\t\t\t\t\t<\/figure>\n\t\t\t\t\t\t\t<\/div>\n\t\t\t\t<\/div>\n\t\t\t\t\t<\/div>\n\t\t<\/div>\n\t\t\t\t\t<\/div>\n\t\t<\/section>\n\t\t\t\t<section class=\"elementor-section elementor-top-section elementor-element elementor-element-69d5c7c elementor-section-boxed elementor-section-height-default elementor-section-height-default\" data-id=\"69d5c7c\" data-element_type=\"section\" data-settings=\"{&quot;jet_parallax_layout_list&quot;:[]}\">\n\t\t\t\t\t\t<div class=\"elementor-container elementor-column-gap-default\">\n\t\t\t\t\t<div class=\"elementor-column elementor-col-100 elementor-top-column elementor-element elementor-element-c14c2d0\" data-id=\"c14c2d0\" data-element_type=\"column\">\n\t\t\t<div class=\"elementor-widget-wrap elementor-element-populated\">\n\t\t\t\t\t\t<div class=\"elementor-element elementor-element-ebbd208 elementor-widget elementor-widget-spacer\" data-id=\"ebbd208\" data-element_type=\"widget\" data-widget_type=\"spacer.default\">\n\t\t\t\t<div class=\"elementor-widget-container\">\n\t\t\t\t\t<div class=\"elementor-spacer\">\n\t\t\t<div class=\"elementor-spacer-inner\"><\/div>\n\t\t<\/div>\n\t\t\t\t<\/div>\n\t\t\t\t<\/div>\n\t\t\t\t\t<\/div>\n\t\t<\/div>\n\t\t\t\t\t<\/div>\n\t\t<\/section>\n\t\t\t\t<\/div>",
        "protected": false
    },
    "excerpt": {
        "rendered": "<p>CARE-O-SENE Projektmitglied Moritz Wolf erh\u00e4lt Carl-Zerbe-Preis Herzlichen Gl\u00fcckwunsch an CARE-O-SENE Projektmitglied Moritz Wolf, der den\u00a0Carl-Zerbe-Preis\u00a0auf der Konferenz &#8222;C1 Building Blocks for Future Chemistry&#8220; erhielt, die gemeinsam von der\u00a0DGMK e.V.\u00a0(Deutsche Wissenschaftliche Gesellschaft f\u00fcr Nachhaltige Energiequellen, Mobilit\u00e4t und Kohlenstoffkreisl\u00e4ufe e. V.) Fachgruppe Petrochemie, der Fachgruppe Industrielle Chemie der Societ\u00e0 Chimica Italiana (SCI,\u00a0Italienische Chemische Gesellschaft) und der \u00d6GEW [&hellip;]<\/p>",
        "protected": false
    },
    "author": 6,
    "featured_media": 3490,
    "comment_status": "open",
    "ping_status": "open",
    "sticky": false,
    "template": "",
    "format": "standard",
    "meta": {
        "_acf_changed": false,
        "footnotes": ""
    },
    "categories": [
        1
    ],
    "tags": [],
    "class_list": [
        "post-3480",
        "post",
        "type-post",
        "status-publish",
        "format-standard",
        "has-post-thumbnail",
        "hentry",
        "category-uncategorized"
    ],
    "acf": [],
    "yoast_head": "<!-- This site is optimized with the Yoast SEO plugin v25.8 - https:\/\/yoast.com\/wordpress\/plugins\/seo\/ -->\n<title>CARE-O-SENE Projektmitglied Moritz Wolf erh\u00e4lt Carl-Zerbe-Preis - CARE-O-SENE<\/title>\n<meta name=\"robots\" content=\"index, follow, max-snippet:-1, max-image-preview:large, max-video-preview:-1\" \/>\n<link rel=\"canonical\" href=\"https:\/\/care-o-sene.com\/de_de\/2023\/11\/13\/care-o-sene-projektmitglied-moritz-wolf-erhalt-carl-zerbe-preis\/\" \/>\n<meta property=\"og:locale\" content=\"de_DE\" \/>\n<meta property=\"og:type\" content=\"article\" \/>\n<meta property=\"og:title\" content=\"CARE-O-SENE Projektmitglied Moritz Wolf erh\u00e4lt Carl-Zerbe-Preis - CARE-O-SENE\" \/>\n<meta property=\"og:description\" content=\"CARE-O-SENE Projektmitglied Moritz Wolf erh\u00e4lt Carl-Zerbe-Preis Herzlichen Gl\u00fcckwunsch an CARE-O-SENE Projektmitglied Moritz Wolf, der den\u00a0Carl-Zerbe-Preis\u00a0auf der Konferenz &#8222;C1 Building Blocks for Future Chemistry&#8220; erhielt, die gemeinsam von der\u00a0DGMK e.V.\u00a0(Deutsche Wissenschaftliche Gesellschaft f\u00fcr Nachhaltige Energiequellen, Mobilit\u00e4t und Kohlenstoffkreisl\u00e4ufe e. V.) Fachgruppe Petrochemie, der Fachgruppe Industrielle Chemie der Societ\u00e0 Chimica Italiana (SCI,\u00a0Italienische Chemische Gesellschaft) und der \u00d6GEW [&hellip;]\" \/>\n<meta property=\"og:url\" content=\"https:\/\/care-o-sene.com\/de_de\/2023\/11\/13\/care-o-sene-projektmitglied-moritz-wolf-erhalt-carl-zerbe-preis\/\" \/>\n<meta property=\"og:site_name\" content=\"CARE-O-SENE\" \/>\n<meta property=\"article:published_time\" content=\"2023-11-13T09:00:00+00:00\" \/>\n<meta property=\"article:modified_time\" content=\"2023-11-15T10:58:08+00:00\" \/>\n<meta property=\"og:image\" content=\"https:\/\/care-o-sene.com\/wp-content\/uploads\/News-Banner-scaled-e1699633787633.jpg\" \/>\n\t<meta property=\"og:image:width\" content=\"1898\" \/>\n\t<meta property=\"og:image:height\" content=\"1070\" \/>\n\t<meta property=\"og:image:type\" content=\"image\/jpeg\" \/>\n<meta name=\"author\" content=\"ORCA van Loon\" \/>\n<meta name=\"twitter:card\" content=\"summary_large_image\" \/>\n<meta name=\"twitter:label1\" content=\"Verfasst von\" \/>\n\t<meta name=\"twitter:data1\" content=\"ORCA van Loon\" \/>\n\t<meta name=\"twitter:label2\" content=\"Gesch\u00e4tzte Lesezeit\" \/>\n\t<meta name=\"twitter:data2\" content=\"2\u00a0Minuten\" \/>\n<script type=\"application\/ld+json\" class=\"yoast-schema-graph\">{\"@context\":\"https:\/\/schema.org\",\"@graph\":[{\"@type\":\"Article\",\"@id\":\"https:\/\/care-o-sene.com\/2023\/11\/13\/care-o-sene-projektmitglied-moritz-wolf-erhalt-carl-zerbe-preis\/#article\",\"isPartOf\":{\"@id\":\"https:\/\/care-o-sene.com\/2023\/11\/13\/care-o-sene-projektmitglied-moritz-wolf-erhalt-carl-zerbe-preis\/\"},\"author\":{\"name\":\"ORCA van Loon\",\"@id\":\"https:\/\/care-o-sene.com\/#\/schema\/person\/e1b9cc05f42ac3c1f7be5ff4d5e04832\"},\"headline\":\"CARE-O-SENE Projektmitglied Moritz Wolf erh\u00e4lt Carl-Zerbe-Preis\",\"datePublished\":\"2023-11-13T09:00:00+00:00\",\"dateModified\":\"2023-11-15T10:58:08+00:00\",\"mainEntityOfPage\":{\"@id\":\"https:\/\/care-o-sene.com\/2023\/11\/13\/care-o-sene-projektmitglied-moritz-wolf-erhalt-carl-zerbe-preis\/\"},\"wordCount\":153,\"commentCount\":0,\"publisher\":{\"@id\":\"https:\/\/care-o-sene.com\/#organization\"},\"image\":{\"@id\":\"https:\/\/care-o-sene.com\/2023\/11\/13\/care-o-sene-projektmitglied-moritz-wolf-erhalt-carl-zerbe-preis\/#primaryimage\"},\"thumbnailUrl\":\"https:\/\/care-o-sene.com\/wp-content\/uploads\/News-Banner-scaled-e1699633787633.jpg\",\"articleSection\":[\"Uncategorized\"],\"inLanguage\":\"de\",\"potentialAction\":[{\"@type\":\"CommentAction\",\"name\":\"Comment\",\"target\":[\"https:\/\/care-o-sene.com\/2023\/11\/13\/care-o-sene-projektmitglied-moritz-wolf-erhalt-carl-zerbe-preis\/#respond\"]}]},{\"@type\":\"WebPage\",\"@id\":\"https:\/\/care-o-sene.com\/2023\/11\/13\/care-o-sene-projektmitglied-moritz-wolf-erhalt-carl-zerbe-preis\/\",\"url\":\"https:\/\/care-o-sene.com\/2023\/11\/13\/care-o-sene-projektmitglied-moritz-wolf-erhalt-carl-zerbe-preis\/\",\"name\":\"CARE-O-SENE Projektmitglied Moritz Wolf erh\u00e4lt Carl-Zerbe-Preis - CARE-O-SENE\",\"isPartOf\":{\"@id\":\"https:\/\/care-o-sene.com\/#website\"},\"primaryImageOfPage\":{\"@id\":\"https:\/\/care-o-sene.com\/2023\/11\/13\/care-o-sene-projektmitglied-moritz-wolf-erhalt-carl-zerbe-preis\/#primaryimage\"},\"image\":{\"@id\":\"https:\/\/care-o-sene.com\/2023\/11\/13\/care-o-sene-projektmitglied-moritz-wolf-erhalt-carl-zerbe-preis\/#primaryimage\"},\"thumbnailUrl\":\"https:\/\/care-o-sene.com\/wp-content\/uploads\/News-Banner-scaled-e1699633787633.jpg\",\"datePublished\":\"2023-11-13T09:00:00+00:00\",\"dateModified\":\"2023-11-15T10:58:08+00:00\",\"breadcrumb\":{\"@id\":\"https:\/\/care-o-sene.com\/2023\/11\/13\/care-o-sene-projektmitglied-moritz-wolf-erhalt-carl-zerbe-preis\/#breadcrumb\"},\"inLanguage\":\"de\",\"potentialAction\":[{\"@type\":\"ReadAction\",\"target\":[\"https:\/\/care-o-sene.com\/2023\/11\/13\/care-o-sene-projektmitglied-moritz-wolf-erhalt-carl-zerbe-preis\/\"]}]},{\"@type\":\"ImageObject\",\"inLanguage\":\"de\",\"@id\":\"https:\/\/care-o-sene.com\/2023\/11\/13\/care-o-sene-projektmitglied-moritz-wolf-erhalt-carl-zerbe-preis\/#primaryimage\",\"url\":\"https:\/\/care-o-sene.com\/wp-content\/uploads\/News-Banner-scaled-e1699633787633.jpg\",\"contentUrl\":\"https:\/\/care-o-sene.com\/wp-content\/uploads\/News-Banner-scaled-e1699633787633.jpg\",\"width\":1898,\"height\":1070},{\"@type\":\"BreadcrumbList\",\"@id\":\"https:\/\/care-o-sene.com\/2023\/11\/13\/care-o-sene-projektmitglied-moritz-wolf-erhalt-carl-zerbe-preis\/#breadcrumb\",\"itemListElement\":[{\"@type\":\"ListItem\",\"position\":1,\"name\":\"Startseite\",\"item\":\"https:\/\/care-o-sene.com\/\"},{\"@type\":\"ListItem\",\"position\":2,\"name\":\"CARE-O-SENE Projektmitglied Moritz Wolf erh\u00e4lt Carl-Zerbe-Preis\"}]},{\"@type\":\"WebSite\",\"@id\":\"https:\/\/care-o-sene.com\/#website\",\"url\":\"https:\/\/care-o-sene.com\/\",\"name\":\"CARE-O-SENE\",\"description\":\"Catalyst Research for Sustainable Kerosene\",\"publisher\":{\"@id\":\"https:\/\/care-o-sene.com\/#organization\"},\"potentialAction\":[{\"@type\":\"SearchAction\",\"target\":{\"@type\":\"EntryPoint\",\"urlTemplate\":\"https:\/\/care-o-sene.com\/?s={search_term_string}\"},\"query-input\":{\"@type\":\"PropertyValueSpecification\",\"valueRequired\":true,\"valueName\":\"search_term_string\"}}],\"inLanguage\":\"de\"},{\"@type\":\"Organization\",\"@id\":\"https:\/\/care-o-sene.com\/#organization\",\"name\":\"CARE-O-SENE\",\"url\":\"https:\/\/care-o-sene.com\/\",\"logo\":{\"@type\":\"ImageObject\",\"inLanguage\":\"de\",\"@id\":\"https:\/\/care-o-sene.com\/#\/schema\/logo\/image\/\",\"url\":\"https:\/\/care-o-sene.com\/wp-content\/uploads\/favicon-1.png\",\"contentUrl\":\"https:\/\/care-o-sene.com\/wp-content\/uploads\/favicon-1.png\",\"width\":383,\"height\":389,\"caption\":\"CARE-O-SENE\"},\"image\":{\"@id\":\"https:\/\/care-o-sene.com\/#\/schema\/logo\/image\/\"}},{\"@type\":\"Person\",\"@id\":\"https:\/\/care-o-sene.com\/#\/schema\/person\/e1b9cc05f42ac3c1f7be5ff4d5e04832\",\"name\":\"ORCA van Loon\",\"image\":{\"@type\":\"ImageObject\",\"inLanguage\":\"de\",\"@id\":\"https:\/\/care-o-sene.com\/#\/schema\/person\/image\/\",\"url\":\"https:\/\/secure.gravatar.com\/avatar\/8eb7842d608afc1953c086884470931aa993fcc6d189db48d359fdd7a5630ce2?s=96&d=mm&r=g\",\"contentUrl\":\"https:\/\/secure.gravatar.com\/avatar\/8eb7842d608afc1953c086884470931aa993fcc6d189db48d359fdd7a5630ce2?s=96&d=mm&r=g\",\"caption\":\"ORCA van Loon\"},\"url\":\"https:\/\/care-o-sene.com\/de_de\/author\/orca-van-loon\/\"}]}<\/script>\n<!-- \/ Yoast SEO plugin. -->",
    "yoast_head_json": {
        "title": "CARE-O-SENE Projektmitglied Moritz Wolf erh\u00e4lt Carl-Zerbe-Preis - CARE-O-SENE",
        "robots": {
            "index": "index",
            "follow": "follow",
            "max-snippet": "max-snippet:-1",
            "max-image-preview": "max-image-preview:large",
            "max-video-preview": "max-video-preview:-1"
        },
        "canonical": "https:\/\/care-o-sene.com\/de_de\/2023\/11\/13\/care-o-sene-projektmitglied-moritz-wolf-erhalt-carl-zerbe-preis\/",
        "og_locale": "de_DE",
        "og_type": "article",
        "og_title": "CARE-O-SENE Projektmitglied Moritz Wolf erh\u00e4lt Carl-Zerbe-Preis - CARE-O-SENE",
        "og_description": "CARE-O-SENE Projektmitglied Moritz Wolf erh\u00e4lt Carl-Zerbe-Preis Herzlichen Gl\u00fcckwunsch an CARE-O-SENE Projektmitglied Moritz Wolf, der den\u00a0Carl-Zerbe-Preis\u00a0auf der Konferenz &#8222;C1 Building Blocks for Future Chemistry&#8220; erhielt, die gemeinsam von der\u00a0DGMK e.V.\u00a0(Deutsche Wissenschaftliche Gesellschaft f\u00fcr Nachhaltige Energiequellen, Mobilit\u00e4t und Kohlenstoffkreisl\u00e4ufe e. V.) Fachgruppe Petrochemie, der Fachgruppe Industrielle Chemie der Societ\u00e0 Chimica Italiana (SCI,\u00a0Italienische Chemische Gesellschaft) und der \u00d6GEW [&hellip;]",
        "og_url": "https:\/\/care-o-sene.com\/de_de\/2023\/11\/13\/care-o-sene-projektmitglied-moritz-wolf-erhalt-carl-zerbe-preis\/",
        "og_site_name": "CARE-O-SENE",
        "article_published_time": "2023-11-13T09:00:00+00:00",
        "article_modified_time": "2023-11-15T10:58:08+00:00",
        "og_image": [
            {
                "width": 1898,
                "height": 1070,
                "url": "https:\/\/care-o-sene.com\/wp-content\/uploads\/News-Banner-scaled-e1699633787633.jpg",
                "type": "image\/jpeg"
            }
        ],
        "author": "ORCA van Loon",
        "twitter_card": "summary_large_image",
        "twitter_misc": {
            "Verfasst von": "ORCA van Loon",
            "Gesch\u00e4tzte Lesezeit": "2\u00a0Minuten"
        },
        "schema": {
            "@context": "https:\/\/schema.org",
            "@graph": [
                {
                    "@type": "Article",
                    "@id": "https:\/\/care-o-sene.com\/2023\/11\/13\/care-o-sene-projektmitglied-moritz-wolf-erhalt-carl-zerbe-preis\/#article",
                    "isPartOf": {
                        "@id": "https:\/\/care-o-sene.com\/2023\/11\/13\/care-o-sene-projektmitglied-moritz-wolf-erhalt-carl-zerbe-preis\/"
                    },
                    "author": {
                        "name": "ORCA van Loon",
                        "@id": "https:\/\/care-o-sene.com\/#\/schema\/person\/e1b9cc05f42ac3c1f7be5ff4d5e04832"
                    },
                    "headline": "CARE-O-SENE Projektmitglied Moritz Wolf erh\u00e4lt Carl-Zerbe-Preis",
                    "datePublished": "2023-11-13T09:00:00+00:00",
                    "dateModified": "2023-11-15T10:58:08+00:00",
                    "mainEntityOfPage": {
                        "@id": "https:\/\/care-o-sene.com\/2023\/11\/13\/care-o-sene-projektmitglied-moritz-wolf-erhalt-carl-zerbe-preis\/"
                    },
                    "wordCount": 153,
                    "commentCount": 0,
                    "publisher": {
                        "@id": "https:\/\/care-o-sene.com\/#organization"
                    },
                    "image": {
                        "@id": "https:\/\/care-o-sene.com\/2023\/11\/13\/care-o-sene-projektmitglied-moritz-wolf-erhalt-carl-zerbe-preis\/#primaryimage"
                    },
                    "thumbnailUrl": "https:\/\/care-o-sene.com\/wp-content\/uploads\/News-Banner-scaled-e1699633787633.jpg",
                    "articleSection": [
                        "Uncategorized"
                    ],
                    "inLanguage": "de",
                    "potentialAction": [
                        {
                            "@type": "CommentAction",
                            "name": "Comment",
                            "target": [
                                "https:\/\/care-o-sene.com\/2023\/11\/13\/care-o-sene-projektmitglied-moritz-wolf-erhalt-carl-zerbe-preis\/#respond"
                            ]
                        }
                    ]
                },
                {
                    "@type": "WebPage",
                    "@id": "https:\/\/care-o-sene.com\/2023\/11\/13\/care-o-sene-projektmitglied-moritz-wolf-erhalt-carl-zerbe-preis\/",
                    "url": "https:\/\/care-o-sene.com\/2023\/11\/13\/care-o-sene-projektmitglied-moritz-wolf-erhalt-carl-zerbe-preis\/",
                    "name": "CARE-O-SENE Projektmitglied Moritz Wolf erh\u00e4lt Carl-Zerbe-Preis - CARE-O-SENE",
                    "isPartOf": {
                        "@id": "https:\/\/care-o-sene.com\/#website"
                    },
                    "primaryImageOfPage": {
                        "@id": "https:\/\/care-o-sene.com\/2023\/11\/13\/care-o-sene-projektmitglied-moritz-wolf-erhalt-carl-zerbe-preis\/#primaryimage"
                    },
                    "image": {
                        "@id": "https:\/\/care-o-sene.com\/2023\/11\/13\/care-o-sene-projektmitglied-moritz-wolf-erhalt-carl-zerbe-preis\/#primaryimage"
                    },
                    "thumbnailUrl": "https:\/\/care-o-sene.com\/wp-content\/uploads\/News-Banner-scaled-e1699633787633.jpg",
                    "datePublished": "2023-11-13T09:00:00+00:00",
                    "dateModified": "2023-11-15T10:58:08+00:00",
                    "breadcrumb": {
                        "@id": "https:\/\/care-o-sene.com\/2023\/11\/13\/care-o-sene-projektmitglied-moritz-wolf-erhalt-carl-zerbe-preis\/#breadcrumb"
                    },
                    "inLanguage": "de",
                    "potentialAction": [
                        {
                            "@type": "ReadAction",
                            "target": [
                                "https:\/\/care-o-sene.com\/2023\/11\/13\/care-o-sene-projektmitglied-moritz-wolf-erhalt-carl-zerbe-preis\/"
                            ]
                        }
                    ]
                },
                {
                    "@type": "ImageObject",
                    "inLanguage": "de",
                    "@id": "https:\/\/care-o-sene.com\/2023\/11\/13\/care-o-sene-projektmitglied-moritz-wolf-erhalt-carl-zerbe-preis\/#primaryimage",
                    "url": "https:\/\/care-o-sene.com\/wp-content\/uploads\/News-Banner-scaled-e1699633787633.jpg",
                    "contentUrl": "https:\/\/care-o-sene.com\/wp-content\/uploads\/News-Banner-scaled-e1699633787633.jpg",
                    "width": 1898,
                    "height": 1070
                },
                {
                    "@type": "BreadcrumbList",
                    "@id": "https:\/\/care-o-sene.com\/2023\/11\/13\/care-o-sene-projektmitglied-moritz-wolf-erhalt-carl-zerbe-preis\/#breadcrumb",
                    "itemListElement": [
                        {
                            "@type": "ListItem",
                            "position": 1,
                            "name": "Startseite",
                            "item": "https:\/\/care-o-sene.com\/"
                        },
                        {
                            "@type": "ListItem",
                            "position": 2,
                            "name": "CARE-O-SENE Projektmitglied Moritz Wolf erh\u00e4lt Carl-Zerbe-Preis"
                        }
                    ]
                },
                {
                    "@type": "WebSite",
                    "@id": "https:\/\/care-o-sene.com\/#website",
                    "url": "https:\/\/care-o-sene.com\/",
                    "name": "CARE-O-SENE",
                    "description": "Catalyst Research for Sustainable Kerosene",
                    "publisher": {
                        "@id": "https:\/\/care-o-sene.com\/#organization"
                    },
                    "potentialAction": [
                        {
                            "@type": "SearchAction",
                            "target": {
                                "@type": "EntryPoint",
                                "urlTemplate": "https:\/\/care-o-sene.com\/?s={search_term_string}"
                            },
                            "query-input": {
                                "@type": "PropertyValueSpecification",
                                "valueRequired": true,
                                "valueName": "search_term_string"
                            }
                        }
                    ],
                    "inLanguage": "de"
                },
                {
                    "@type": "Organization",
                    "@id": "https:\/\/care-o-sene.com\/#organization",
                    "name": "CARE-O-SENE",
                    "url": "https:\/\/care-o-sene.com\/",
                    "logo": {
                        "@type": "ImageObject",
                        "inLanguage": "de",
                        "@id": "https:\/\/care-o-sene.com\/#\/schema\/logo\/image\/",
                        "url": "https:\/\/care-o-sene.com\/wp-content\/uploads\/favicon-1.png",
                        "contentUrl": "https:\/\/care-o-sene.com\/wp-content\/uploads\/favicon-1.png",
                        "width": 383,
                        "height": 389,
                        "caption": "CARE-O-SENE"
                    },
                    "image": {
                        "@id": "https:\/\/care-o-sene.com\/#\/schema\/logo\/image\/"
                    }
                },
                {
                    "@type": "Person",
                    "@id": "https:\/\/care-o-sene.com\/#\/schema\/person\/e1b9cc05f42ac3c1f7be5ff4d5e04832",
                    "name": "ORCA van Loon",
                    "image": {
                        "@type": "ImageObject",
                        "inLanguage": "de",
                        "@id": "https:\/\/care-o-sene.com\/#\/schema\/person\/image\/",
                        "url": "https:\/\/secure.gravatar.com\/avatar\/8eb7842d608afc1953c086884470931aa993fcc6d189db48d359fdd7a5630ce2?s=96&d=mm&r=g",
                        "contentUrl": "https:\/\/secure.gravatar.com\/avatar\/8eb7842d608afc1953c086884470931aa993fcc6d189db48d359fdd7a5630ce2?s=96&d=mm&r=g",
                        "caption": "ORCA van Loon"
                    },
                    "url": "https:\/\/care-o-sene.com\/de_de\/author\/orca-van-loon\/"
                }
            ]
        }
    },
    "_links": {
        "self": [
            {
                "href": "https:\/\/care-o-sene.com\/de_de\/wp-json\/wp\/v2\/posts\/3480",
                "targetHints": {
                    "allow": [
                        "GET"
                    ]
                }
            }
        ],
        "collection": [
            {
                "href": "https:\/\/care-o-sene.com\/de_de\/wp-json\/wp\/v2\/posts"
            }
        ],
        "about": [
            {
                "href": "https:\/\/care-o-sene.com\/de_de\/wp-json\/wp\/v2\/types\/post"
            }
        ],
        "author": [
            {
                "embeddable": true,
                "href": "https:\/\/care-o-sene.com\/de_de\/wp-json\/wp\/v2\/users\/6"
            }
        ],
        "replies": [
            {
                "embeddable": true,
                "href": "https:\/\/care-o-sene.com\/de_de\/wp-json\/wp\/v2\/comments?post=3480"
            }
        ],
        "version-history": [
            {
                "count": 14,
                "href": "https:\/\/care-o-sene.com\/de_de\/wp-json\/wp\/v2\/posts\/3480\/revisions"
            }
        ],
        "predecessor-version": [
            {
                "id": 3497,
                "href": "https:\/\/care-o-sene.com\/de_de\/wp-json\/wp\/v2\/posts\/3480\/revisions\/3497"
            }
        ],
        "wp:featuredmedia": [
            {
                "embeddable": true,
                "href": "https:\/\/care-o-sene.com\/de_de\/wp-json\/wp\/v2\/media\/3490"
            }
        ],
        "wp:attachment": [
            {
                "href": "https:\/\/care-o-sene.com\/de_de\/wp-json\/wp\/v2\/media?parent=3480"
            }
        ],
        "wp:term": [
            {
                "taxonomy": "category",
                "embeddable": true,
                "href": "https:\/\/care-o-sene.com\/de_de\/wp-json\/wp\/v2\/categories?post=3480"
            },
            {
                "taxonomy": "post_tag",
                "embeddable": true,
                "href": "https:\/\/care-o-sene.com\/de_de\/wp-json\/wp\/v2\/tags?post=3480"
            }
        ],
        "curies": [
            {
                "name": "wp",
                "href": "https:\/\/api.w.org\/{rel}",
                "templated": true
            }
        ]
    }
}