{
    "id": 3538,
    "date": "2023-11-24T11:29:24",
    "date_gmt": "2023-11-24T10:29:24",
    "guid": {
        "rendered": "https:\/\/care-o-sene.com\/?p=3538"
    },
    "modified": "2025-06-02T15:34:02",
    "modified_gmt": "2025-06-02T13:34:02",
    "slug": "forschung-fuer-nachhaltigkeit-fona-berichtet-ueber-care-o-sene",
    "status": "publish",
    "type": "post",
    "link": "https:\/\/care-o-sene.com\/de_de\/2023\/11\/24\/forschung-fuer-nachhaltigkeit-fona-berichtet-ueber-care-o-sene\/",
    "title": {
        "rendered": "Forschung f\u00fcr Nachhaltigkeit (FONA) berichtet \u00fcber CARE-O-SENE"
    },
    "content": {
        "rendered": "<div data-elementor-type=\"wp-post\" data-elementor-id=\"3538\" class=\"elementor elementor-3538\">\n\t\t\t\t\t\t<section class=\"elementor-section elementor-top-section elementor-element elementor-element-7ec1207 elementor-section-boxed elementor-section-height-default elementor-section-height-default\" data-id=\"7ec1207\" data-element_type=\"section\" data-settings=\"{&quot;jet_parallax_layout_list&quot;:[]}\">\n\t\t\t\t\t\t<div class=\"elementor-container elementor-column-gap-default\">\n\t\t\t\t\t<div class=\"elementor-column elementor-col-100 elementor-top-column elementor-element elementor-element-894e207\" data-id=\"894e207\" data-element_type=\"column\">\n\t\t\t<div class=\"elementor-widget-wrap elementor-element-populated\">\n\t\t\t\t\t\t<div class=\"elementor-element elementor-element-da9d3fe elementor-align-left elementor-widget elementor-widget-raven-heading\" data-id=\"da9d3fe\" data-element_type=\"widget\" data-widget_type=\"raven-heading.default\">\n\t\t\t\t<div class=\"elementor-widget-container\">\n\t\t\t\t\t<div class=\"raven-widget-wrapper\"><h2 class=\"raven-heading raven-heading-h2\"><span class=\"raven-heading-title\">Forschung f\u00fcr Nachhaltigkeit (FONA) berichtet \u00fcber CARE-O-SENE <\/span><\/h2><\/div>\r\n\t\t\t\t<\/div>\n\t\t\t\t<\/div>\n\t\t\t\t\t<\/div>\n\t\t<\/div>\n\t\t\t\t\t<\/div>\n\t\t<\/section>\n\t\t\t\t<section class=\"elementor-section elementor-top-section elementor-element elementor-element-916907c elementor-section-boxed elementor-section-height-default elementor-section-height-default\" data-id=\"916907c\" data-element_type=\"section\" data-settings=\"{&quot;jet_parallax_layout_list&quot;:[]}\">\n\t\t\t\t\t\t<div class=\"elementor-container elementor-column-gap-default\">\n\t\t\t\t\t<div class=\"elementor-column elementor-col-100 elementor-top-column elementor-element elementor-element-2177be5\" data-id=\"2177be5\" data-element_type=\"column\">\n\t\t\t<div class=\"elementor-widget-wrap elementor-element-populated\">\n\t\t\t\t\t\t<div class=\"elementor-element elementor-element-c8fa5d1 elementor-widget elementor-widget-text-editor\" data-id=\"c8fa5d1\" data-element_type=\"widget\" data-widget_type=\"text-editor.default\">\n\t\t\t\t<div class=\"elementor-widget-container\">\n\t\t\t\t\t\t\t<p>Das <a href=\"https:\/\/www.bmbf.de\/bmbf\/de\/home\/home_node.html\" target=\"_blank\" rel=\"noopener\">Bundesministerium f\u00fcr Bildung und Forschung (BMFTR)<\/a> berichtet auf seiner Website <a href=\"https:\/\/www.fona.de\/de\/\" target=\"_blank\" rel=\"noopener\">Forschung f\u00fcr Nachhaltigkeit (FONA)<\/a> \u00fcber den j\u00fcngsten Meilenstein des CARE-O-SENE-Projekts.<\/p>\n<p>Dem Team des deutsch-s\u00fcdafrikanischen Forschungsprojekts ist es gelungen, einen neuen Katalysator im semi-kommerzielleren Ma\u00dfstab in den Anlagen von Sasol in S\u00fcdafrika zu produzieren und erfolgreich einem 67-t\u00e4gigen \u201eStresstest\u201c zu unterziehen. Katalysatoren spielen eine Schl\u00fcsselrolle bei der gro\u00dfangelegten Produktion nachhaltiger Flugkraftstoffe \u2013 sogenannter Sustainable Aviation Fuels (SAF).<\/p>\n<p><a href=\"https:\/\/www.fona.de\/de\/care-o-sene-stellt-katalysator-in-semi-kommerziellem-massstab-her\" target=\"_blank\" rel=\"noopener\">Den vollst\u00e4ndigen Artikel der FONA finden Sie hier<\/a> und in der <a href=\"https:\/\/www.fona.de\/de\/info\/newsletter\/newsletterform-mailingwork.php\" target=\"_blank\" rel=\"noopener\">November Ausgabe des Newsletters<\/a>.<\/p>\t\t\t\t\t\t<\/div>\n\t\t\t\t<\/div>\n\t\t\t\t\t<\/div>\n\t\t<\/div>\n\t\t\t\t\t<\/div>\n\t\t<\/section>\n\t\t\t\t<\/div>",
        "protected": false
    },
    "excerpt": {
        "rendered": "<p>Forschung f\u00fcr Nachhaltigkeit (FONA) berichtet \u00fcber CARE-O-SENE Das Bundesministerium f\u00fcr Bildung und Forschung (BMFTR) berichtet auf seiner Website Forschung f\u00fcr Nachhaltigkeit (FONA) \u00fcber den j\u00fcngsten Meilenstein des CARE-O-SENE-Projekts. Dem Team des deutsch-s\u00fcdafrikanischen Forschungsprojekts ist es gelungen, einen neuen Katalysator im semi-kommerzielleren Ma\u00dfstab in den Anlagen von Sasol in S\u00fcdafrika zu produzieren und erfolgreich einem 67-t\u00e4gigen [&hellip;]<\/p>",
        "protected": false
    },
    "author": 6,
    "featured_media": 3540,
    "comment_status": "open",
    "ping_status": "open",
    "sticky": false,
    "template": "",
    "format": "standard",
    "meta": {
        "_acf_changed": false,
        "footnotes": ""
    },
    "categories": [
        1
    ],
    "tags": [],
    "class_list": [
        "post-3538",
        "post",
        "type-post",
        "status-publish",
        "format-standard",
        "has-post-thumbnail",
        "hentry",
        "category-uncategorized"
    ],
    "acf": [],
    "yoast_head": "<!-- This site is optimized with the Yoast SEO plugin v25.8 - https:\/\/yoast.com\/wordpress\/plugins\/seo\/ -->\n<title>Forschung f\u00fcr Nachhaltigkeit (FONA) berichtet \u00fcber CARE-O-SENE - CARE-O-SENE<\/title>\n<meta name=\"robots\" content=\"index, follow, max-snippet:-1, max-image-preview:large, max-video-preview:-1\" \/>\n<link rel=\"canonical\" href=\"https:\/\/care-o-sene.com\/de_de\/2023\/11\/24\/forschung-fuer-nachhaltigkeit-fona-berichtet-ueber-care-o-sene\/\" \/>\n<meta property=\"og:locale\" content=\"de_DE\" \/>\n<meta property=\"og:type\" content=\"article\" \/>\n<meta property=\"og:title\" content=\"Forschung f\u00fcr Nachhaltigkeit (FONA) berichtet \u00fcber CARE-O-SENE - CARE-O-SENE\" \/>\n<meta property=\"og:description\" content=\"Forschung f\u00fcr Nachhaltigkeit (FONA) berichtet \u00fcber CARE-O-SENE Das Bundesministerium f\u00fcr Bildung und Forschung (BMFTR) berichtet auf seiner Website Forschung f\u00fcr Nachhaltigkeit (FONA) \u00fcber den j\u00fcngsten Meilenstein des CARE-O-SENE-Projekts. Dem Team des deutsch-s\u00fcdafrikanischen Forschungsprojekts ist es gelungen, einen neuen Katalysator im semi-kommerzielleren Ma\u00dfstab in den Anlagen von Sasol in S\u00fcdafrika zu produzieren und erfolgreich einem 67-t\u00e4gigen [&hellip;]\" \/>\n<meta property=\"og:url\" content=\"https:\/\/care-o-sene.com\/de_de\/2023\/11\/24\/forschung-fuer-nachhaltigkeit-fona-berichtet-ueber-care-o-sene\/\" \/>\n<meta property=\"og:site_name\" content=\"CARE-O-SENE\" \/>\n<meta property=\"article:published_time\" content=\"2023-11-24T10:29:24+00:00\" \/>\n<meta property=\"article:modified_time\" content=\"2025-06-02T13:34:02+00:00\" \/>\n<meta property=\"og:image\" content=\"https:\/\/care-o-sene.com\/wp-content\/uploads\/ross-parmly-rf6ywHVkrlY-unsplash_small.jpg\" \/>\n\t<meta property=\"og:image:width\" content=\"1920\" \/>\n\t<meta property=\"og:image:height\" content=\"1275\" \/>\n\t<meta property=\"og:image:type\" content=\"image\/jpeg\" \/>\n<meta name=\"author\" content=\"ORCA van Loon\" \/>\n<meta name=\"twitter:card\" content=\"summary_large_image\" \/>\n<meta name=\"twitter:label1\" content=\"Verfasst von\" \/>\n\t<meta name=\"twitter:data1\" content=\"ORCA van Loon\" \/>\n\t<meta name=\"twitter:label2\" content=\"Gesch\u00e4tzte Lesezeit\" \/>\n\t<meta name=\"twitter:data2\" content=\"1\u00a0Minute\" \/>\n<script type=\"application\/ld+json\" class=\"yoast-schema-graph\">{\"@context\":\"https:\/\/schema.org\",\"@graph\":[{\"@type\":\"Article\",\"@id\":\"https:\/\/care-o-sene.com\/2023\/11\/24\/forschung-fuer-nachhaltigkeit-fona-berichtet-ueber-care-o-sene\/#article\",\"isPartOf\":{\"@id\":\"https:\/\/care-o-sene.com\/2023\/11\/24\/forschung-fuer-nachhaltigkeit-fona-berichtet-ueber-care-o-sene\/\"},\"author\":{\"name\":\"ORCA van Loon\",\"@id\":\"https:\/\/care-o-sene.com\/#\/schema\/person\/e1b9cc05f42ac3c1f7be5ff4d5e04832\"},\"headline\":\"Forschung f\u00fcr Nachhaltigkeit (FONA) berichtet \u00fcber CARE-O-SENE\",\"datePublished\":\"2023-11-24T10:29:24+00:00\",\"dateModified\":\"2025-06-02T13:34:02+00:00\",\"mainEntityOfPage\":{\"@id\":\"https:\/\/care-o-sene.com\/2023\/11\/24\/forschung-fuer-nachhaltigkeit-fona-berichtet-ueber-care-o-sene\/\"},\"wordCount\":107,\"commentCount\":0,\"publisher\":{\"@id\":\"https:\/\/care-o-sene.com\/#organization\"},\"image\":{\"@id\":\"https:\/\/care-o-sene.com\/2023\/11\/24\/forschung-fuer-nachhaltigkeit-fona-berichtet-ueber-care-o-sene\/#primaryimage\"},\"thumbnailUrl\":\"https:\/\/care-o-sene.com\/wp-content\/uploads\/ross-parmly-rf6ywHVkrlY-unsplash_small.jpg\",\"articleSection\":[\"Uncategorized\"],\"inLanguage\":\"de\",\"potentialAction\":[{\"@type\":\"CommentAction\",\"name\":\"Comment\",\"target\":[\"https:\/\/care-o-sene.com\/2023\/11\/24\/forschung-fuer-nachhaltigkeit-fona-berichtet-ueber-care-o-sene\/#respond\"]}]},{\"@type\":\"WebPage\",\"@id\":\"https:\/\/care-o-sene.com\/2023\/11\/24\/forschung-fuer-nachhaltigkeit-fona-berichtet-ueber-care-o-sene\/\",\"url\":\"https:\/\/care-o-sene.com\/2023\/11\/24\/forschung-fuer-nachhaltigkeit-fona-berichtet-ueber-care-o-sene\/\",\"name\":\"Forschung f\u00fcr Nachhaltigkeit (FONA) berichtet \u00fcber CARE-O-SENE - CARE-O-SENE\",\"isPartOf\":{\"@id\":\"https:\/\/care-o-sene.com\/#website\"},\"primaryImageOfPage\":{\"@id\":\"https:\/\/care-o-sene.com\/2023\/11\/24\/forschung-fuer-nachhaltigkeit-fona-berichtet-ueber-care-o-sene\/#primaryimage\"},\"image\":{\"@id\":\"https:\/\/care-o-sene.com\/2023\/11\/24\/forschung-fuer-nachhaltigkeit-fona-berichtet-ueber-care-o-sene\/#primaryimage\"},\"thumbnailUrl\":\"https:\/\/care-o-sene.com\/wp-content\/uploads\/ross-parmly-rf6ywHVkrlY-unsplash_small.jpg\",\"datePublished\":\"2023-11-24T10:29:24+00:00\",\"dateModified\":\"2025-06-02T13:34:02+00:00\",\"breadcrumb\":{\"@id\":\"https:\/\/care-o-sene.com\/2023\/11\/24\/forschung-fuer-nachhaltigkeit-fona-berichtet-ueber-care-o-sene\/#breadcrumb\"},\"inLanguage\":\"de\",\"potentialAction\":[{\"@type\":\"ReadAction\",\"target\":[\"https:\/\/care-o-sene.com\/2023\/11\/24\/forschung-fuer-nachhaltigkeit-fona-berichtet-ueber-care-o-sene\/\"]}]},{\"@type\":\"ImageObject\",\"inLanguage\":\"de\",\"@id\":\"https:\/\/care-o-sene.com\/2023\/11\/24\/forschung-fuer-nachhaltigkeit-fona-berichtet-ueber-care-o-sene\/#primaryimage\",\"url\":\"https:\/\/care-o-sene.com\/wp-content\/uploads\/ross-parmly-rf6ywHVkrlY-unsplash_small.jpg\",\"contentUrl\":\"https:\/\/care-o-sene.com\/wp-content\/uploads\/ross-parmly-rf6ywHVkrlY-unsplash_small.jpg\",\"width\":1920,\"height\":1275},{\"@type\":\"BreadcrumbList\",\"@id\":\"https:\/\/care-o-sene.com\/2023\/11\/24\/forschung-fuer-nachhaltigkeit-fona-berichtet-ueber-care-o-sene\/#breadcrumb\",\"itemListElement\":[{\"@type\":\"ListItem\",\"position\":1,\"name\":\"Startseite\",\"item\":\"https:\/\/care-o-sene.com\/\"},{\"@type\":\"ListItem\",\"position\":2,\"name\":\"Forschung f\u00fcr Nachhaltigkeit (FONA) berichtet \u00fcber CARE-O-SENE\"}]},{\"@type\":\"WebSite\",\"@id\":\"https:\/\/care-o-sene.com\/#website\",\"url\":\"https:\/\/care-o-sene.com\/\",\"name\":\"CARE-O-SENE\",\"description\":\"Catalyst Research for Sustainable Kerosene\",\"publisher\":{\"@id\":\"https:\/\/care-o-sene.com\/#organization\"},\"potentialAction\":[{\"@type\":\"SearchAction\",\"target\":{\"@type\":\"EntryPoint\",\"urlTemplate\":\"https:\/\/care-o-sene.com\/?s={search_term_string}\"},\"query-input\":{\"@type\":\"PropertyValueSpecification\",\"valueRequired\":true,\"valueName\":\"search_term_string\"}}],\"inLanguage\":\"de\"},{\"@type\":\"Organization\",\"@id\":\"https:\/\/care-o-sene.com\/#organization\",\"name\":\"CARE-O-SENE\",\"url\":\"https:\/\/care-o-sene.com\/\",\"logo\":{\"@type\":\"ImageObject\",\"inLanguage\":\"de\",\"@id\":\"https:\/\/care-o-sene.com\/#\/schema\/logo\/image\/\",\"url\":\"https:\/\/care-o-sene.com\/wp-content\/uploads\/favicon-1.png\",\"contentUrl\":\"https:\/\/care-o-sene.com\/wp-content\/uploads\/favicon-1.png\",\"width\":383,\"height\":389,\"caption\":\"CARE-O-SENE\"},\"image\":{\"@id\":\"https:\/\/care-o-sene.com\/#\/schema\/logo\/image\/\"}},{\"@type\":\"Person\",\"@id\":\"https:\/\/care-o-sene.com\/#\/schema\/person\/e1b9cc05f42ac3c1f7be5ff4d5e04832\",\"name\":\"ORCA van Loon\",\"image\":{\"@type\":\"ImageObject\",\"inLanguage\":\"de\",\"@id\":\"https:\/\/care-o-sene.com\/#\/schema\/person\/image\/\",\"url\":\"https:\/\/secure.gravatar.com\/avatar\/8eb7842d608afc1953c086884470931aa993fcc6d189db48d359fdd7a5630ce2?s=96&d=mm&r=g\",\"contentUrl\":\"https:\/\/secure.gravatar.com\/avatar\/8eb7842d608afc1953c086884470931aa993fcc6d189db48d359fdd7a5630ce2?s=96&d=mm&r=g\",\"caption\":\"ORCA van Loon\"},\"url\":\"https:\/\/care-o-sene.com\/de_de\/author\/orca-van-loon\/\"}]}<\/script>\n<!-- \/ Yoast SEO plugin. -->",
    "yoast_head_json": {
        "title": "Forschung f\u00fcr Nachhaltigkeit (FONA) berichtet \u00fcber CARE-O-SENE - CARE-O-SENE",
        "robots": {
            "index": "index",
            "follow": "follow",
            "max-snippet": "max-snippet:-1",
            "max-image-preview": "max-image-preview:large",
            "max-video-preview": "max-video-preview:-1"
        },
        "canonical": "https:\/\/care-o-sene.com\/de_de\/2023\/11\/24\/forschung-fuer-nachhaltigkeit-fona-berichtet-ueber-care-o-sene\/",
        "og_locale": "de_DE",
        "og_type": "article",
        "og_title": "Forschung f\u00fcr Nachhaltigkeit (FONA) berichtet \u00fcber CARE-O-SENE - CARE-O-SENE",
        "og_description": "Forschung f\u00fcr Nachhaltigkeit (FONA) berichtet \u00fcber CARE-O-SENE Das Bundesministerium f\u00fcr Bildung und Forschung (BMFTR) berichtet auf seiner Website Forschung f\u00fcr Nachhaltigkeit (FONA) \u00fcber den j\u00fcngsten Meilenstein des CARE-O-SENE-Projekts. Dem Team des deutsch-s\u00fcdafrikanischen Forschungsprojekts ist es gelungen, einen neuen Katalysator im semi-kommerzielleren Ma\u00dfstab in den Anlagen von Sasol in S\u00fcdafrika zu produzieren und erfolgreich einem 67-t\u00e4gigen [&hellip;]",
        "og_url": "https:\/\/care-o-sene.com\/de_de\/2023\/11\/24\/forschung-fuer-nachhaltigkeit-fona-berichtet-ueber-care-o-sene\/",
        "og_site_name": "CARE-O-SENE",
        "article_published_time": "2023-11-24T10:29:24+00:00",
        "article_modified_time": "2025-06-02T13:34:02+00:00",
        "og_image": [
            {
                "width": 1920,
                "height": 1275,
                "url": "https:\/\/care-o-sene.com\/wp-content\/uploads\/ross-parmly-rf6ywHVkrlY-unsplash_small.jpg",
                "type": "image\/jpeg"
            }
        ],
        "author": "ORCA van Loon",
        "twitter_card": "summary_large_image",
        "twitter_misc": {
            "Verfasst von": "ORCA van Loon",
            "Gesch\u00e4tzte Lesezeit": "1\u00a0Minute"
        },
        "schema": {
            "@context": "https:\/\/schema.org",
            "@graph": [
                {
                    "@type": "Article",
                    "@id": "https:\/\/care-o-sene.com\/2023\/11\/24\/forschung-fuer-nachhaltigkeit-fona-berichtet-ueber-care-o-sene\/#article",
                    "isPartOf": {
                        "@id": "https:\/\/care-o-sene.com\/2023\/11\/24\/forschung-fuer-nachhaltigkeit-fona-berichtet-ueber-care-o-sene\/"
                    },
                    "author": {
                        "name": "ORCA van Loon",
                        "@id": "https:\/\/care-o-sene.com\/#\/schema\/person\/e1b9cc05f42ac3c1f7be5ff4d5e04832"
                    },
                    "headline": "Forschung f\u00fcr Nachhaltigkeit (FONA) berichtet \u00fcber CARE-O-SENE",
                    "datePublished": "2023-11-24T10:29:24+00:00",
                    "dateModified": "2025-06-02T13:34:02+00:00",
                    "mainEntityOfPage": {
                        "@id": "https:\/\/care-o-sene.com\/2023\/11\/24\/forschung-fuer-nachhaltigkeit-fona-berichtet-ueber-care-o-sene\/"
                    },
                    "wordCount": 107,
                    "commentCount": 0,
                    "publisher": {
                        "@id": "https:\/\/care-o-sene.com\/#organization"
                    },
                    "image": {
                        "@id": "https:\/\/care-o-sene.com\/2023\/11\/24\/forschung-fuer-nachhaltigkeit-fona-berichtet-ueber-care-o-sene\/#primaryimage"
                    },
                    "thumbnailUrl": "https:\/\/care-o-sene.com\/wp-content\/uploads\/ross-parmly-rf6ywHVkrlY-unsplash_small.jpg",
                    "articleSection": [
                        "Uncategorized"
                    ],
                    "inLanguage": "de",
                    "potentialAction": [
                        {
                            "@type": "CommentAction",
                            "name": "Comment",
                            "target": [
                                "https:\/\/care-o-sene.com\/2023\/11\/24\/forschung-fuer-nachhaltigkeit-fona-berichtet-ueber-care-o-sene\/#respond"
                            ]
                        }
                    ]
                },
                {
                    "@type": "WebPage",
                    "@id": "https:\/\/care-o-sene.com\/2023\/11\/24\/forschung-fuer-nachhaltigkeit-fona-berichtet-ueber-care-o-sene\/",
                    "url": "https:\/\/care-o-sene.com\/2023\/11\/24\/forschung-fuer-nachhaltigkeit-fona-berichtet-ueber-care-o-sene\/",
                    "name": "Forschung f\u00fcr Nachhaltigkeit (FONA) berichtet \u00fcber CARE-O-SENE - CARE-O-SENE",
                    "isPartOf": {
                        "@id": "https:\/\/care-o-sene.com\/#website"
                    },
                    "primaryImageOfPage": {
                        "@id": "https:\/\/care-o-sene.com\/2023\/11\/24\/forschung-fuer-nachhaltigkeit-fona-berichtet-ueber-care-o-sene\/#primaryimage"
                    },
                    "image": {
                        "@id": "https:\/\/care-o-sene.com\/2023\/11\/24\/forschung-fuer-nachhaltigkeit-fona-berichtet-ueber-care-o-sene\/#primaryimage"
                    },
                    "thumbnailUrl": "https:\/\/care-o-sene.com\/wp-content\/uploads\/ross-parmly-rf6ywHVkrlY-unsplash_small.jpg",
                    "datePublished": "2023-11-24T10:29:24+00:00",
                    "dateModified": "2025-06-02T13:34:02+00:00",
                    "breadcrumb": {
                        "@id": "https:\/\/care-o-sene.com\/2023\/11\/24\/forschung-fuer-nachhaltigkeit-fona-berichtet-ueber-care-o-sene\/#breadcrumb"
                    },
                    "inLanguage": "de",
                    "potentialAction": [
                        {
                            "@type": "ReadAction",
                            "target": [
                                "https:\/\/care-o-sene.com\/2023\/11\/24\/forschung-fuer-nachhaltigkeit-fona-berichtet-ueber-care-o-sene\/"
                            ]
                        }
                    ]
                },
                {
                    "@type": "ImageObject",
                    "inLanguage": "de",
                    "@id": "https:\/\/care-o-sene.com\/2023\/11\/24\/forschung-fuer-nachhaltigkeit-fona-berichtet-ueber-care-o-sene\/#primaryimage",
                    "url": "https:\/\/care-o-sene.com\/wp-content\/uploads\/ross-parmly-rf6ywHVkrlY-unsplash_small.jpg",
                    "contentUrl": "https:\/\/care-o-sene.com\/wp-content\/uploads\/ross-parmly-rf6ywHVkrlY-unsplash_small.jpg",
                    "width": 1920,
                    "height": 1275
                },
                {
                    "@type": "BreadcrumbList",
                    "@id": "https:\/\/care-o-sene.com\/2023\/11\/24\/forschung-fuer-nachhaltigkeit-fona-berichtet-ueber-care-o-sene\/#breadcrumb",
                    "itemListElement": [
                        {
                            "@type": "ListItem",
                            "position": 1,
                            "name": "Startseite",
                            "item": "https:\/\/care-o-sene.com\/"
                        },
                        {
                            "@type": "ListItem",
                            "position": 2,
                            "name": "Forschung f\u00fcr Nachhaltigkeit (FONA) berichtet \u00fcber CARE-O-SENE"
                        }
                    ]
                },
                {
                    "@type": "WebSite",
                    "@id": "https:\/\/care-o-sene.com\/#website",
                    "url": "https:\/\/care-o-sene.com\/",
                    "name": "CARE-O-SENE",
                    "description": "Catalyst Research for Sustainable Kerosene",
                    "publisher": {
                        "@id": "https:\/\/care-o-sene.com\/#organization"
                    },
                    "potentialAction": [
                        {
                            "@type": "SearchAction",
                            "target": {
                                "@type": "EntryPoint",
                                "urlTemplate": "https:\/\/care-o-sene.com\/?s={search_term_string}"
                            },
                            "query-input": {
                                "@type": "PropertyValueSpecification",
                                "valueRequired": true,
                                "valueName": "search_term_string"
                            }
                        }
                    ],
                    "inLanguage": "de"
                },
                {
                    "@type": "Organization",
                    "@id": "https:\/\/care-o-sene.com\/#organization",
                    "name": "CARE-O-SENE",
                    "url": "https:\/\/care-o-sene.com\/",
                    "logo": {
                        "@type": "ImageObject",
                        "inLanguage": "de",
                        "@id": "https:\/\/care-o-sene.com\/#\/schema\/logo\/image\/",
                        "url": "https:\/\/care-o-sene.com\/wp-content\/uploads\/favicon-1.png",
                        "contentUrl": "https:\/\/care-o-sene.com\/wp-content\/uploads\/favicon-1.png",
                        "width": 383,
                        "height": 389,
                        "caption": "CARE-O-SENE"
                    },
                    "image": {
                        "@id": "https:\/\/care-o-sene.com\/#\/schema\/logo\/image\/"
                    }
                },
                {
                    "@type": "Person",
                    "@id": "https:\/\/care-o-sene.com\/#\/schema\/person\/e1b9cc05f42ac3c1f7be5ff4d5e04832",
                    "name": "ORCA van Loon",
                    "image": {
                        "@type": "ImageObject",
                        "inLanguage": "de",
                        "@id": "https:\/\/care-o-sene.com\/#\/schema\/person\/image\/",
                        "url": "https:\/\/secure.gravatar.com\/avatar\/8eb7842d608afc1953c086884470931aa993fcc6d189db48d359fdd7a5630ce2?s=96&d=mm&r=g",
                        "contentUrl": "https:\/\/secure.gravatar.com\/avatar\/8eb7842d608afc1953c086884470931aa993fcc6d189db48d359fdd7a5630ce2?s=96&d=mm&r=g",
                        "caption": "ORCA van Loon"
                    },
                    "url": "https:\/\/care-o-sene.com\/de_de\/author\/orca-van-loon\/"
                }
            ]
        }
    },
    "_links": {
        "self": [
            {
                "href": "https:\/\/care-o-sene.com\/de_de\/wp-json\/wp\/v2\/posts\/3538",
                "targetHints": {
                    "allow": [
                        "GET"
                    ]
                }
            }
        ],
        "collection": [
            {
                "href": "https:\/\/care-o-sene.com\/de_de\/wp-json\/wp\/v2\/posts"
            }
        ],
        "about": [
            {
                "href": "https:\/\/care-o-sene.com\/de_de\/wp-json\/wp\/v2\/types\/post"
            }
        ],
        "author": [
            {
                "embeddable": true,
                "href": "https:\/\/care-o-sene.com\/de_de\/wp-json\/wp\/v2\/users\/6"
            }
        ],
        "replies": [
            {
                "embeddable": true,
                "href": "https:\/\/care-o-sene.com\/de_de\/wp-json\/wp\/v2\/comments?post=3538"
            }
        ],
        "version-history": [
            {
                "count": 10,
                "href": "https:\/\/care-o-sene.com\/de_de\/wp-json\/wp\/v2\/posts\/3538\/revisions"
            }
        ],
        "predecessor-version": [
            {
                "id": 4014,
                "href": "https:\/\/care-o-sene.com\/de_de\/wp-json\/wp\/v2\/posts\/3538\/revisions\/4014"
            }
        ],
        "wp:featuredmedia": [
            {
                "embeddable": true,
                "href": "https:\/\/care-o-sene.com\/de_de\/wp-json\/wp\/v2\/media\/3540"
            }
        ],
        "wp:attachment": [
            {
                "href": "https:\/\/care-o-sene.com\/de_de\/wp-json\/wp\/v2\/media?parent=3538"
            }
        ],
        "wp:term": [
            {
                "taxonomy": "category",
                "embeddable": true,
                "href": "https:\/\/care-o-sene.com\/de_de\/wp-json\/wp\/v2\/categories?post=3538"
            },
            {
                "taxonomy": "post_tag",
                "embeddable": true,
                "href": "https:\/\/care-o-sene.com\/de_de\/wp-json\/wp\/v2\/tags?post=3538"
            }
        ],
        "curies": [
            {
                "name": "wp",
                "href": "https:\/\/api.w.org\/{rel}",
                "templated": true
            }
        ]
    }
}