{
    "id": 3720,
    "date": "2024-08-27T19:29:24",
    "date_gmt": "2024-08-27T17:29:24",
    "guid": {
        "rendered": "https:\/\/care-o-sene.com\/?p=3720"
    },
    "modified": "2024-08-27T19:29:24",
    "modified_gmt": "2024-08-27T17:29:24",
    "slug": "care-o-sene-initiative-beim-besuch-des-chilenischen-praesidenten-im-helmholtz-zentrum-berlin-vorgestellt",
    "status": "publish",
    "type": "post",
    "link": "https:\/\/care-o-sene.com\/de_de\/2024\/08\/27\/care-o-sene-initiative-beim-besuch-des-chilenischen-praesidenten-im-helmholtz-zentrum-berlin-vorgestellt\/",
    "title": {
        "rendered": "CARE-O-SENE Initiative beim Besuch des chilenischen Pr\u00e4sidenten im Helmholtz-Zentrum Berlin vorgestellt"
    },
    "content": {
        "rendered": "<h2 class=\"wp-block-heading\"><strong><br><br>CARE-O-SENE Initiative beim Besuch des chilenischen<br>Pr\u00e4sidenten im Helmholtz-Zentrum Berlin vorgestellt<\/strong><br><\/h2>\n\n\n\n<div style=\"height:50px\" aria-hidden=\"true\" class=\"wp-block-spacer\"><\/div>\n\n\n\n<p>Anfang Juni besuchte der chilenische Pr\u00e4sident Gabriel Boric Font das Helmholtz-Zentrum Berlin (HZB). Begleitet wurde er von einer 50-k\u00f6pfigen offiziellen Delegation, bestehend aus Vertretern nationaler Beh\u00f6rden, Parlamentariern, Wirtschaftsvertretern, Wissenschaftlern und Forschern. Zur Delegation geh\u00f6rten auch der chilenische Wissenschaftsminister und vier weitere Minister aus verschiedenen Ressorts.<\/p>\n\n\n\n<p>Im Mittelpunkt der Gespr\u00e4che stand die Entwicklung innovativer Katalysatormaterialien, die f\u00fcr eine klimaneutrale Industrie entscheidend sind. Das HZB arbeitet gemeinsam mit Sasol an dem internationalen Forschungsprojekt CARE-O-SENE (Catalyst Research for Sustainable Kerosene). Ziel ist es, neue Fischer-Tropsch-Katalysatoren zu entwickeln, um die Produktion von nachhaltigem Kerosin im industriellen Ma\u00dfstab zu optimieren. Das Helmholtz-Zentrum Berlin (HZB) ist ma\u00dfgeblich an dieser Initiative beteiligt. Chile und Deutschland haben derzeit gemeinsam den Vorsitz im Climate Club inne, einem B\u00fcndnis von 38 L\u00e4ndern, die gemeinsam gegen den Klimawandel k\u00e4mpfen.<\/p>\n\n\n\n<p>Chile und Deutschland haben derzeit gemeinsam den Vorsitz im Climate Club inne, einem B\u00fcndnis von 38 L\u00e4ndern, die gemeinsam gegen den Klimawandel k\u00e4mpfen.<\/p>\n\n\n\n<div style=\"height:100px\" aria-hidden=\"true\" class=\"wp-block-spacer\"><\/div>\n\n\n\n<figure class=\"wp-block-gallery has-nested-images columns-default is-cropped wp-block-gallery-1 is-layout-flex wp-block-gallery-is-layout-flex\">\n<figure class=\"wp-block-image size-large\"><img fetchpriority=\"high\" decoding=\"async\" width=\"1024\" height=\"683\" data-id=\"3723\" src=\"https:\/\/care-o-sene.com\/wp-content\/uploads\/MIS_8926-Gross-1024x683.jpg\" alt=\"\" class=\"wp-image-3723\" srcset=\"https:\/\/care-o-sene.com\/wp-content\/uploads\/MIS_8926-Gross-1024x683.jpg 1024w, https:\/\/care-o-sene.com\/wp-content\/uploads\/MIS_8926-Gross-300x200.jpg 300w, https:\/\/care-o-sene.com\/wp-content\/uploads\/MIS_8926-Gross-768x512.jpg 768w, https:\/\/care-o-sene.com\/wp-content\/uploads\/MIS_8926-Gross-1536x1024.jpg 1536w, https:\/\/care-o-sene.com\/wp-content\/uploads\/MIS_8926-Gross-18x12.jpg 18w, https:\/\/care-o-sene.com\/wp-content\/uploads\/MIS_8926-Gross.jpg 1620w\" sizes=\"(max-width: 1024px) 100vw, 1024px\" \/><figcaption class=\"wp-element-caption\">Die chilenische Delegation am HZB an der Synchrotronbr\u00fccke BESSY II.<\/figcaption><\/figure>\n\n\n\n<figure class=\"wp-block-image size-large\"><img decoding=\"async\" width=\"1024\" height=\"683\" data-id=\"3722\" src=\"https:\/\/care-o-sene.com\/wp-content\/uploads\/2024.06._ChileDelegation_GH1-Gross-1024x683.jpg\" alt=\"\" class=\"wp-image-3722\" srcset=\"https:\/\/care-o-sene.com\/wp-content\/uploads\/2024.06._ChileDelegation_GH1-Gross-1024x683.jpg 1024w, https:\/\/care-o-sene.com\/wp-content\/uploads\/2024.06._ChileDelegation_GH1-Gross-300x200.jpg 300w, https:\/\/care-o-sene.com\/wp-content\/uploads\/2024.06._ChileDelegation_GH1-Gross-768x512.jpg 768w, https:\/\/care-o-sene.com\/wp-content\/uploads\/2024.06._ChileDelegation_GH1-Gross-1536x1024.jpg 1536w, https:\/\/care-o-sene.com\/wp-content\/uploads\/2024.06._ChileDelegation_GH1-Gross-18x12.jpg 18w, https:\/\/care-o-sene.com\/wp-content\/uploads\/2024.06._ChileDelegation_GH1-Gross.jpg 1620w\" sizes=\"(max-width: 1024px) 100vw, 1024px\" \/><figcaption class=\"wp-element-caption\">Der chilenische Staatspr\u00e4sident Gabriel Boric Font und seine Delegation werden vom CARE-O-SENE Projektteam w\u00e4hrend ihres Besuchs am HZB in das Projekt eingef\u00fchrt<\/figcaption><\/figure>\n\n\n\n<figure class=\"wp-block-image size-large\"><img decoding=\"async\" width=\"1024\" height=\"683\" data-id=\"3721\" src=\"https:\/\/care-o-sene.com\/wp-content\/uploads\/2024.06._ChileDelegation_COS1-Gross-1024x683.jpg\" alt=\"\" class=\"wp-image-3721\" srcset=\"https:\/\/care-o-sene.com\/wp-content\/uploads\/2024.06._ChileDelegation_COS1-Gross-1024x683.jpg 1024w, https:\/\/care-o-sene.com\/wp-content\/uploads\/2024.06._ChileDelegation_COS1-Gross-300x200.jpg 300w, https:\/\/care-o-sene.com\/wp-content\/uploads\/2024.06._ChileDelegation_COS1-Gross-768x512.jpg 768w, https:\/\/care-o-sene.com\/wp-content\/uploads\/2024.06._ChileDelegation_COS1-Gross-1536x1024.jpg 1536w, https:\/\/care-o-sene.com\/wp-content\/uploads\/2024.06._ChileDelegation_COS1-Gross-18x12.jpg 18w, https:\/\/care-o-sene.com\/wp-content\/uploads\/2024.06._ChileDelegation_COS1-Gross.jpg 1620w\" sizes=\"(max-width: 1024px) 100vw, 1024px\" \/><figcaption class=\"wp-element-caption\">Juan Jos\u00e9 Gana Errazuriz, wissenschaftlicher Direktor von HIF Global und Mitglied der Delegation, bespricht Details des CARE-O-SENE Projekts mit Dr. Tobias Sontheimer, Co-Leiter des COS-Projekts.<\/figcaption><\/figure>\n<\/figure>",
        "protected": false
    },
    "excerpt": {
        "rendered": "<p>CARE-O-SENE Initiative beim Besuch des chilenischenPr\u00e4sidenten im Helmholtz-Zentrum Berlin vorgestellt Anfang Juni besuchte der chilenische Pr\u00e4sident Gabriel Boric Font das Helmholtz-Zentrum Berlin (HZB). Begleitet wurde er von einer 50-k\u00f6pfigen offiziellen Delegation, bestehend aus Vertretern nationaler Beh\u00f6rden, Parlamentariern, Wirtschaftsvertretern, Wissenschaftlern und Forschern. Zur Delegation geh\u00f6rten auch der chilenische Wissenschaftsminister und vier weitere Minister aus verschiedenen Ressorts. [&hellip;]<\/p>",
        "protected": false
    },
    "author": 6,
    "featured_media": 3723,
    "comment_status": "open",
    "ping_status": "open",
    "sticky": false,
    "template": "",
    "format": "standard",
    "meta": {
        "_acf_changed": false,
        "footnotes": ""
    },
    "categories": [
        1
    ],
    "tags": [],
    "class_list": [
        "post-3720",
        "post",
        "type-post",
        "status-publish",
        "format-standard",
        "has-post-thumbnail",
        "hentry",
        "category-uncategorized"
    ],
    "acf": [],
    "yoast_head": "<!-- This site is optimized with the Yoast SEO plugin v25.8 - https:\/\/yoast.com\/wordpress\/plugins\/seo\/ -->\n<title>CARE-O-SENE Initiative beim Besuch des chilenischen Pr\u00e4sidenten im Helmholtz-Zentrum Berlin vorgestellt - CARE-O-SENE<\/title>\n<meta name=\"robots\" content=\"index, follow, max-snippet:-1, max-image-preview:large, max-video-preview:-1\" \/>\n<link rel=\"canonical\" href=\"https:\/\/care-o-sene.com\/de_de\/2024\/08\/27\/care-o-sene-initiative-beim-besuch-des-chilenischen-praesidenten-im-helmholtz-zentrum-berlin-vorgestellt\/\" \/>\n<meta property=\"og:locale\" content=\"de_DE\" \/>\n<meta property=\"og:type\" content=\"article\" \/>\n<meta property=\"og:title\" content=\"CARE-O-SENE Initiative beim Besuch des chilenischen Pr\u00e4sidenten im Helmholtz-Zentrum Berlin vorgestellt - CARE-O-SENE\" \/>\n<meta property=\"og:description\" content=\"CARE-O-SENE Initiative beim Besuch des chilenischenPr\u00e4sidenten im Helmholtz-Zentrum Berlin vorgestellt Anfang Juni besuchte der chilenische Pr\u00e4sident Gabriel Boric Font das Helmholtz-Zentrum Berlin (HZB). Begleitet wurde er von einer 50-k\u00f6pfigen offiziellen Delegation, bestehend aus Vertretern nationaler Beh\u00f6rden, Parlamentariern, Wirtschaftsvertretern, Wissenschaftlern und Forschern. Zur Delegation geh\u00f6rten auch der chilenische Wissenschaftsminister und vier weitere Minister aus verschiedenen Ressorts. [&hellip;]\" \/>\n<meta property=\"og:url\" content=\"https:\/\/care-o-sene.com\/de_de\/2024\/08\/27\/care-o-sene-initiative-beim-besuch-des-chilenischen-praesidenten-im-helmholtz-zentrum-berlin-vorgestellt\/\" \/>\n<meta property=\"og:site_name\" content=\"CARE-O-SENE\" \/>\n<meta property=\"article:published_time\" content=\"2024-08-27T17:29:24+00:00\" \/>\n<meta property=\"og:image\" content=\"https:\/\/care-o-sene.com\/wp-content\/uploads\/MIS_8926-Gross.jpg\" \/>\n\t<meta property=\"og:image:width\" content=\"1620\" \/>\n\t<meta property=\"og:image:height\" content=\"1080\" \/>\n\t<meta property=\"og:image:type\" content=\"image\/jpeg\" \/>\n<meta name=\"author\" content=\"ORCA van Loon\" \/>\n<meta name=\"twitter:card\" content=\"summary_large_image\" \/>\n<meta name=\"twitter:label1\" content=\"Verfasst von\" \/>\n\t<meta name=\"twitter:data1\" content=\"ORCA van Loon\" \/>\n\t<meta name=\"twitter:label2\" content=\"Gesch\u00e4tzte Lesezeit\" \/>\n\t<meta name=\"twitter:data2\" content=\"2\u00a0Minuten\" \/>\n<script type=\"application\/ld+json\" class=\"yoast-schema-graph\">{\"@context\":\"https:\/\/schema.org\",\"@graph\":[{\"@type\":\"Article\",\"@id\":\"https:\/\/care-o-sene.com\/2024\/08\/27\/care-o-sene-initiative-beim-besuch-des-chilenischen-praesidenten-im-helmholtz-zentrum-berlin-vorgestellt\/#article\",\"isPartOf\":{\"@id\":\"https:\/\/care-o-sene.com\/2024\/08\/27\/care-o-sene-initiative-beim-besuch-des-chilenischen-praesidenten-im-helmholtz-zentrum-berlin-vorgestellt\/\"},\"author\":{\"name\":\"ORCA van Loon\",\"@id\":\"https:\/\/care-o-sene.com\/#\/schema\/person\/e1b9cc05f42ac3c1f7be5ff4d5e04832\"},\"headline\":\"CARE-O-SENE Initiative beim Besuch des chilenischen Pr\u00e4sidenten im Helmholtz-Zentrum Berlin vorgestellt\",\"datePublished\":\"2024-08-27T17:29:24+00:00\",\"mainEntityOfPage\":{\"@id\":\"https:\/\/care-o-sene.com\/2024\/08\/27\/care-o-sene-initiative-beim-besuch-des-chilenischen-praesidenten-im-helmholtz-zentrum-berlin-vorgestellt\/\"},\"wordCount\":247,\"commentCount\":0,\"publisher\":{\"@id\":\"https:\/\/care-o-sene.com\/#organization\"},\"image\":{\"@id\":\"https:\/\/care-o-sene.com\/2024\/08\/27\/care-o-sene-initiative-beim-besuch-des-chilenischen-praesidenten-im-helmholtz-zentrum-berlin-vorgestellt\/#primaryimage\"},\"thumbnailUrl\":\"https:\/\/care-o-sene.com\/wp-content\/uploads\/MIS_8926-Gross.jpg\",\"articleSection\":[\"Uncategorized\"],\"inLanguage\":\"de\",\"potentialAction\":[{\"@type\":\"CommentAction\",\"name\":\"Comment\",\"target\":[\"https:\/\/care-o-sene.com\/2024\/08\/27\/care-o-sene-initiative-beim-besuch-des-chilenischen-praesidenten-im-helmholtz-zentrum-berlin-vorgestellt\/#respond\"]}]},{\"@type\":\"WebPage\",\"@id\":\"https:\/\/care-o-sene.com\/2024\/08\/27\/care-o-sene-initiative-beim-besuch-des-chilenischen-praesidenten-im-helmholtz-zentrum-berlin-vorgestellt\/\",\"url\":\"https:\/\/care-o-sene.com\/2024\/08\/27\/care-o-sene-initiative-beim-besuch-des-chilenischen-praesidenten-im-helmholtz-zentrum-berlin-vorgestellt\/\",\"name\":\"CARE-O-SENE Initiative beim Besuch des chilenischen Pr\u00e4sidenten im Helmholtz-Zentrum Berlin vorgestellt - CARE-O-SENE\",\"isPartOf\":{\"@id\":\"https:\/\/care-o-sene.com\/#website\"},\"primaryImageOfPage\":{\"@id\":\"https:\/\/care-o-sene.com\/2024\/08\/27\/care-o-sene-initiative-beim-besuch-des-chilenischen-praesidenten-im-helmholtz-zentrum-berlin-vorgestellt\/#primaryimage\"},\"image\":{\"@id\":\"https:\/\/care-o-sene.com\/2024\/08\/27\/care-o-sene-initiative-beim-besuch-des-chilenischen-praesidenten-im-helmholtz-zentrum-berlin-vorgestellt\/#primaryimage\"},\"thumbnailUrl\":\"https:\/\/care-o-sene.com\/wp-content\/uploads\/MIS_8926-Gross.jpg\",\"datePublished\":\"2024-08-27T17:29:24+00:00\",\"breadcrumb\":{\"@id\":\"https:\/\/care-o-sene.com\/2024\/08\/27\/care-o-sene-initiative-beim-besuch-des-chilenischen-praesidenten-im-helmholtz-zentrum-berlin-vorgestellt\/#breadcrumb\"},\"inLanguage\":\"de\",\"potentialAction\":[{\"@type\":\"ReadAction\",\"target\":[\"https:\/\/care-o-sene.com\/2024\/08\/27\/care-o-sene-initiative-beim-besuch-des-chilenischen-praesidenten-im-helmholtz-zentrum-berlin-vorgestellt\/\"]}]},{\"@type\":\"ImageObject\",\"inLanguage\":\"de\",\"@id\":\"https:\/\/care-o-sene.com\/2024\/08\/27\/care-o-sene-initiative-beim-besuch-des-chilenischen-praesidenten-im-helmholtz-zentrum-berlin-vorgestellt\/#primaryimage\",\"url\":\"https:\/\/care-o-sene.com\/wp-content\/uploads\/MIS_8926-Gross.jpg\",\"contentUrl\":\"https:\/\/care-o-sene.com\/wp-content\/uploads\/MIS_8926-Gross.jpg\",\"width\":1620,\"height\":1080,\"caption\":\"Die chilenische Delegation am HZB an der Synchrotronbr\u00fccke BESSY II.\"},{\"@type\":\"BreadcrumbList\",\"@id\":\"https:\/\/care-o-sene.com\/2024\/08\/27\/care-o-sene-initiative-beim-besuch-des-chilenischen-praesidenten-im-helmholtz-zentrum-berlin-vorgestellt\/#breadcrumb\",\"itemListElement\":[{\"@type\":\"ListItem\",\"position\":1,\"name\":\"Startseite\",\"item\":\"https:\/\/care-o-sene.com\/\"},{\"@type\":\"ListItem\",\"position\":2,\"name\":\"CARE-O-SENE Initiative beim Besuch des chilenischen Pr\u00e4sidenten im Helmholtz-Zentrum Berlin vorgestellt\"}]},{\"@type\":\"WebSite\",\"@id\":\"https:\/\/care-o-sene.com\/#website\",\"url\":\"https:\/\/care-o-sene.com\/\",\"name\":\"CARE-O-SENE\",\"description\":\"Catalyst Research for Sustainable Kerosene\",\"publisher\":{\"@id\":\"https:\/\/care-o-sene.com\/#organization\"},\"potentialAction\":[{\"@type\":\"SearchAction\",\"target\":{\"@type\":\"EntryPoint\",\"urlTemplate\":\"https:\/\/care-o-sene.com\/?s={search_term_string}\"},\"query-input\":{\"@type\":\"PropertyValueSpecification\",\"valueRequired\":true,\"valueName\":\"search_term_string\"}}],\"inLanguage\":\"de\"},{\"@type\":\"Organization\",\"@id\":\"https:\/\/care-o-sene.com\/#organization\",\"name\":\"CARE-O-SENE\",\"url\":\"https:\/\/care-o-sene.com\/\",\"logo\":{\"@type\":\"ImageObject\",\"inLanguage\":\"de\",\"@id\":\"https:\/\/care-o-sene.com\/#\/schema\/logo\/image\/\",\"url\":\"https:\/\/care-o-sene.com\/wp-content\/uploads\/favicon-1.png\",\"contentUrl\":\"https:\/\/care-o-sene.com\/wp-content\/uploads\/favicon-1.png\",\"width\":383,\"height\":389,\"caption\":\"CARE-O-SENE\"},\"image\":{\"@id\":\"https:\/\/care-o-sene.com\/#\/schema\/logo\/image\/\"}},{\"@type\":\"Person\",\"@id\":\"https:\/\/care-o-sene.com\/#\/schema\/person\/e1b9cc05f42ac3c1f7be5ff4d5e04832\",\"name\":\"ORCA van Loon\",\"image\":{\"@type\":\"ImageObject\",\"inLanguage\":\"de\",\"@id\":\"https:\/\/care-o-sene.com\/#\/schema\/person\/image\/\",\"url\":\"https:\/\/secure.gravatar.com\/avatar\/8eb7842d608afc1953c086884470931aa993fcc6d189db48d359fdd7a5630ce2?s=96&d=mm&r=g\",\"contentUrl\":\"https:\/\/secure.gravatar.com\/avatar\/8eb7842d608afc1953c086884470931aa993fcc6d189db48d359fdd7a5630ce2?s=96&d=mm&r=g\",\"caption\":\"ORCA van Loon\"},\"url\":\"https:\/\/care-o-sene.com\/de_de\/author\/orca-van-loon\/\"}]}<\/script>\n<!-- \/ Yoast SEO plugin. -->",
    "yoast_head_json": {
        "title": "CARE-O-SENE Initiative beim Besuch des chilenischen Pr\u00e4sidenten im Helmholtz-Zentrum Berlin vorgestellt - CARE-O-SENE",
        "robots": {
            "index": "index",
            "follow": "follow",
            "max-snippet": "max-snippet:-1",
            "max-image-preview": "max-image-preview:large",
            "max-video-preview": "max-video-preview:-1"
        },
        "canonical": "https:\/\/care-o-sene.com\/de_de\/2024\/08\/27\/care-o-sene-initiative-beim-besuch-des-chilenischen-praesidenten-im-helmholtz-zentrum-berlin-vorgestellt\/",
        "og_locale": "de_DE",
        "og_type": "article",
        "og_title": "CARE-O-SENE Initiative beim Besuch des chilenischen Pr\u00e4sidenten im Helmholtz-Zentrum Berlin vorgestellt - CARE-O-SENE",
        "og_description": "CARE-O-SENE Initiative beim Besuch des chilenischenPr\u00e4sidenten im Helmholtz-Zentrum Berlin vorgestellt Anfang Juni besuchte der chilenische Pr\u00e4sident Gabriel Boric Font das Helmholtz-Zentrum Berlin (HZB). Begleitet wurde er von einer 50-k\u00f6pfigen offiziellen Delegation, bestehend aus Vertretern nationaler Beh\u00f6rden, Parlamentariern, Wirtschaftsvertretern, Wissenschaftlern und Forschern. Zur Delegation geh\u00f6rten auch der chilenische Wissenschaftsminister und vier weitere Minister aus verschiedenen Ressorts. [&hellip;]",
        "og_url": "https:\/\/care-o-sene.com\/de_de\/2024\/08\/27\/care-o-sene-initiative-beim-besuch-des-chilenischen-praesidenten-im-helmholtz-zentrum-berlin-vorgestellt\/",
        "og_site_name": "CARE-O-SENE",
        "article_published_time": "2024-08-27T17:29:24+00:00",
        "og_image": [
            {
                "width": 1620,
                "height": 1080,
                "url": "https:\/\/care-o-sene.com\/wp-content\/uploads\/MIS_8926-Gross.jpg",
                "type": "image\/jpeg"
            }
        ],
        "author": "ORCA van Loon",
        "twitter_card": "summary_large_image",
        "twitter_misc": {
            "Verfasst von": "ORCA van Loon",
            "Gesch\u00e4tzte Lesezeit": "2\u00a0Minuten"
        },
        "schema": {
            "@context": "https:\/\/schema.org",
            "@graph": [
                {
                    "@type": "Article",
                    "@id": "https:\/\/care-o-sene.com\/2024\/08\/27\/care-o-sene-initiative-beim-besuch-des-chilenischen-praesidenten-im-helmholtz-zentrum-berlin-vorgestellt\/#article",
                    "isPartOf": {
                        "@id": "https:\/\/care-o-sene.com\/2024\/08\/27\/care-o-sene-initiative-beim-besuch-des-chilenischen-praesidenten-im-helmholtz-zentrum-berlin-vorgestellt\/"
                    },
                    "author": {
                        "name": "ORCA van Loon",
                        "@id": "https:\/\/care-o-sene.com\/#\/schema\/person\/e1b9cc05f42ac3c1f7be5ff4d5e04832"
                    },
                    "headline": "CARE-O-SENE Initiative beim Besuch des chilenischen Pr\u00e4sidenten im Helmholtz-Zentrum Berlin vorgestellt",
                    "datePublished": "2024-08-27T17:29:24+00:00",
                    "mainEntityOfPage": {
                        "@id": "https:\/\/care-o-sene.com\/2024\/08\/27\/care-o-sene-initiative-beim-besuch-des-chilenischen-praesidenten-im-helmholtz-zentrum-berlin-vorgestellt\/"
                    },
                    "wordCount": 247,
                    "commentCount": 0,
                    "publisher": {
                        "@id": "https:\/\/care-o-sene.com\/#organization"
                    },
                    "image": {
                        "@id": "https:\/\/care-o-sene.com\/2024\/08\/27\/care-o-sene-initiative-beim-besuch-des-chilenischen-praesidenten-im-helmholtz-zentrum-berlin-vorgestellt\/#primaryimage"
                    },
                    "thumbnailUrl": "https:\/\/care-o-sene.com\/wp-content\/uploads\/MIS_8926-Gross.jpg",
                    "articleSection": [
                        "Uncategorized"
                    ],
                    "inLanguage": "de",
                    "potentialAction": [
                        {
                            "@type": "CommentAction",
                            "name": "Comment",
                            "target": [
                                "https:\/\/care-o-sene.com\/2024\/08\/27\/care-o-sene-initiative-beim-besuch-des-chilenischen-praesidenten-im-helmholtz-zentrum-berlin-vorgestellt\/#respond"
                            ]
                        }
                    ]
                },
                {
                    "@type": "WebPage",
                    "@id": "https:\/\/care-o-sene.com\/2024\/08\/27\/care-o-sene-initiative-beim-besuch-des-chilenischen-praesidenten-im-helmholtz-zentrum-berlin-vorgestellt\/",
                    "url": "https:\/\/care-o-sene.com\/2024\/08\/27\/care-o-sene-initiative-beim-besuch-des-chilenischen-praesidenten-im-helmholtz-zentrum-berlin-vorgestellt\/",
                    "name": "CARE-O-SENE Initiative beim Besuch des chilenischen Pr\u00e4sidenten im Helmholtz-Zentrum Berlin vorgestellt - CARE-O-SENE",
                    "isPartOf": {
                        "@id": "https:\/\/care-o-sene.com\/#website"
                    },
                    "primaryImageOfPage": {
                        "@id": "https:\/\/care-o-sene.com\/2024\/08\/27\/care-o-sene-initiative-beim-besuch-des-chilenischen-praesidenten-im-helmholtz-zentrum-berlin-vorgestellt\/#primaryimage"
                    },
                    "image": {
                        "@id": "https:\/\/care-o-sene.com\/2024\/08\/27\/care-o-sene-initiative-beim-besuch-des-chilenischen-praesidenten-im-helmholtz-zentrum-berlin-vorgestellt\/#primaryimage"
                    },
                    "thumbnailUrl": "https:\/\/care-o-sene.com\/wp-content\/uploads\/MIS_8926-Gross.jpg",
                    "datePublished": "2024-08-27T17:29:24+00:00",
                    "breadcrumb": {
                        "@id": "https:\/\/care-o-sene.com\/2024\/08\/27\/care-o-sene-initiative-beim-besuch-des-chilenischen-praesidenten-im-helmholtz-zentrum-berlin-vorgestellt\/#breadcrumb"
                    },
                    "inLanguage": "de",
                    "potentialAction": [
                        {
                            "@type": "ReadAction",
                            "target": [
                                "https:\/\/care-o-sene.com\/2024\/08\/27\/care-o-sene-initiative-beim-besuch-des-chilenischen-praesidenten-im-helmholtz-zentrum-berlin-vorgestellt\/"
                            ]
                        }
                    ]
                },
                {
                    "@type": "ImageObject",
                    "inLanguage": "de",
                    "@id": "https:\/\/care-o-sene.com\/2024\/08\/27\/care-o-sene-initiative-beim-besuch-des-chilenischen-praesidenten-im-helmholtz-zentrum-berlin-vorgestellt\/#primaryimage",
                    "url": "https:\/\/care-o-sene.com\/wp-content\/uploads\/MIS_8926-Gross.jpg",
                    "contentUrl": "https:\/\/care-o-sene.com\/wp-content\/uploads\/MIS_8926-Gross.jpg",
                    "width": 1620,
                    "height": 1080,
                    "caption": "Die chilenische Delegation am HZB an der Synchrotronbr\u00fccke BESSY II."
                },
                {
                    "@type": "BreadcrumbList",
                    "@id": "https:\/\/care-o-sene.com\/2024\/08\/27\/care-o-sene-initiative-beim-besuch-des-chilenischen-praesidenten-im-helmholtz-zentrum-berlin-vorgestellt\/#breadcrumb",
                    "itemListElement": [
                        {
                            "@type": "ListItem",
                            "position": 1,
                            "name": "Startseite",
                            "item": "https:\/\/care-o-sene.com\/"
                        },
                        {
                            "@type": "ListItem",
                            "position": 2,
                            "name": "CARE-O-SENE Initiative beim Besuch des chilenischen Pr\u00e4sidenten im Helmholtz-Zentrum Berlin vorgestellt"
                        }
                    ]
                },
                {
                    "@type": "WebSite",
                    "@id": "https:\/\/care-o-sene.com\/#website",
                    "url": "https:\/\/care-o-sene.com\/",
                    "name": "CARE-O-SENE",
                    "description": "Catalyst Research for Sustainable Kerosene",
                    "publisher": {
                        "@id": "https:\/\/care-o-sene.com\/#organization"
                    },
                    "potentialAction": [
                        {
                            "@type": "SearchAction",
                            "target": {
                                "@type": "EntryPoint",
                                "urlTemplate": "https:\/\/care-o-sene.com\/?s={search_term_string}"
                            },
                            "query-input": {
                                "@type": "PropertyValueSpecification",
                                "valueRequired": true,
                                "valueName": "search_term_string"
                            }
                        }
                    ],
                    "inLanguage": "de"
                },
                {
                    "@type": "Organization",
                    "@id": "https:\/\/care-o-sene.com\/#organization",
                    "name": "CARE-O-SENE",
                    "url": "https:\/\/care-o-sene.com\/",
                    "logo": {
                        "@type": "ImageObject",
                        "inLanguage": "de",
                        "@id": "https:\/\/care-o-sene.com\/#\/schema\/logo\/image\/",
                        "url": "https:\/\/care-o-sene.com\/wp-content\/uploads\/favicon-1.png",
                        "contentUrl": "https:\/\/care-o-sene.com\/wp-content\/uploads\/favicon-1.png",
                        "width": 383,
                        "height": 389,
                        "caption": "CARE-O-SENE"
                    },
                    "image": {
                        "@id": "https:\/\/care-o-sene.com\/#\/schema\/logo\/image\/"
                    }
                },
                {
                    "@type": "Person",
                    "@id": "https:\/\/care-o-sene.com\/#\/schema\/person\/e1b9cc05f42ac3c1f7be5ff4d5e04832",
                    "name": "ORCA van Loon",
                    "image": {
                        "@type": "ImageObject",
                        "inLanguage": "de",
                        "@id": "https:\/\/care-o-sene.com\/#\/schema\/person\/image\/",
                        "url": "https:\/\/secure.gravatar.com\/avatar\/8eb7842d608afc1953c086884470931aa993fcc6d189db48d359fdd7a5630ce2?s=96&d=mm&r=g",
                        "contentUrl": "https:\/\/secure.gravatar.com\/avatar\/8eb7842d608afc1953c086884470931aa993fcc6d189db48d359fdd7a5630ce2?s=96&d=mm&r=g",
                        "caption": "ORCA van Loon"
                    },
                    "url": "https:\/\/care-o-sene.com\/de_de\/author\/orca-van-loon\/"
                }
            ]
        }
    },
    "_links": {
        "self": [
            {
                "href": "https:\/\/care-o-sene.com\/de_de\/wp-json\/wp\/v2\/posts\/3720",
                "targetHints": {
                    "allow": [
                        "GET"
                    ]
                }
            }
        ],
        "collection": [
            {
                "href": "https:\/\/care-o-sene.com\/de_de\/wp-json\/wp\/v2\/posts"
            }
        ],
        "about": [
            {
                "href": "https:\/\/care-o-sene.com\/de_de\/wp-json\/wp\/v2\/types\/post"
            }
        ],
        "author": [
            {
                "embeddable": true,
                "href": "https:\/\/care-o-sene.com\/de_de\/wp-json\/wp\/v2\/users\/6"
            }
        ],
        "replies": [
            {
                "embeddable": true,
                "href": "https:\/\/care-o-sene.com\/de_de\/wp-json\/wp\/v2\/comments?post=3720"
            }
        ],
        "version-history": [
            {
                "count": 1,
                "href": "https:\/\/care-o-sene.com\/de_de\/wp-json\/wp\/v2\/posts\/3720\/revisions"
            }
        ],
        "predecessor-version": [
            {
                "id": 3724,
                "href": "https:\/\/care-o-sene.com\/de_de\/wp-json\/wp\/v2\/posts\/3720\/revisions\/3724"
            }
        ],
        "wp:featuredmedia": [
            {
                "embeddable": true,
                "href": "https:\/\/care-o-sene.com\/de_de\/wp-json\/wp\/v2\/media\/3723"
            }
        ],
        "wp:attachment": [
            {
                "href": "https:\/\/care-o-sene.com\/de_de\/wp-json\/wp\/v2\/media?parent=3720"
            }
        ],
        "wp:term": [
            {
                "taxonomy": "category",
                "embeddable": true,
                "href": "https:\/\/care-o-sene.com\/de_de\/wp-json\/wp\/v2\/categories?post=3720"
            },
            {
                "taxonomy": "post_tag",
                "embeddable": true,
                "href": "https:\/\/care-o-sene.com\/de_de\/wp-json\/wp\/v2\/tags?post=3720"
            }
        ],
        "curies": [
            {
                "name": "wp",
                "href": "https:\/\/api.w.org\/{rel}",
                "templated": true
            }
        ]
    }
}