{
    "id": 3836,
    "date": "2024-11-14T11:26:15",
    "date_gmt": "2024-11-14T10:26:15",
    "guid": {
        "rendered": "https:\/\/care-o-sene.com\/?p=3836"
    },
    "modified": "2025-06-02T16:07:43",
    "modified_gmt": "2025-06-02T14:07:43",
    "slug": "bundesministerium-fuer-bildung-und-forschung-bmbf-unterstuetzt-care-o-sene-projekt-bis-ende-2026",
    "status": "publish",
    "type": "post",
    "link": "https:\/\/care-o-sene.com\/de_de\/2024\/11\/14\/bundesministerium-fuer-bildung-und-forschung-bmbf-unterstuetzt-care-o-sene-projekt-bis-ende-2026\/",
    "title": {
        "rendered": "Bundesministerium f\u00fcr Forschung, Technologie und Raumfahrt (BMFTR) unterst\u00fctzt CARE-O-SENE-Projekt bis Ende 2026"
    },
    "content": {
        "rendered": "<div data-elementor-type=\"wp-post\" data-elementor-id=\"3836\" class=\"elementor elementor-3836\">\n\t\t\t\t\t\t<section class=\"elementor-section elementor-top-section elementor-element elementor-element-3edd2373 elementor-section-boxed elementor-section-height-default elementor-section-height-default\" data-id=\"3edd2373\" data-element_type=\"section\" data-settings=\"{&quot;jet_parallax_layout_list&quot;:[]}\">\n\t\t\t\t\t\t<div class=\"elementor-container elementor-column-gap-default\">\n\t\t\t\t\t<div class=\"elementor-column elementor-col-100 elementor-top-column elementor-element elementor-element-1bf178fe\" data-id=\"1bf178fe\" data-element_type=\"column\">\n\t\t\t<div class=\"elementor-widget-wrap elementor-element-populated\">\n\t\t\t\t\t\t<div class=\"elementor-element elementor-element-62459d8c elementor-widget elementor-widget-text-editor\" data-id=\"62459d8c\" data-element_type=\"widget\" data-widget_type=\"text-editor.default\">\n\t\t\t\t<div class=\"elementor-widget-container\">\n\t\t\t\t\t\t\t<h2><strong>Bundesministerium f\u00fcr Forschung, Technologie und Raumfahrt (BMFTR) unterst\u00fctzt CARE-O-SENE-Projekt bis Ende 2026<\/strong><\/h2>\n<p><!-- \/wp:paragraph --><\/p>\n<p><!-- wp:paragraph --><\/p>\n<p><\/p>\n<p><strong>Hamburg\/Berlin<\/strong>, 12. November 2024 \u2013 Das deutsch-s\u00fcdafrikanische CARE-O-SENE-Konsortium, das effiziente Katalysatoren f\u00fcr die Produktion von Sustainable Aviation Fuel (SAF) auf Power-to-Liquid (PtL)-Basis entwickelt, erh\u00e4lt eine F\u00f6rderverl\u00e4ngerung des Bundesministeriums&nbsp; f\u00fcr Forschung, Technologie und Raumfahrt (BMFTR) bis Ende 2026.<\/p>\n<p>Dr. Dirk Sch\u00e4r, Co-Projektleiter und Lead Technical Sales Catalyst bei Sasol, erl\u00e4utert: <strong>\u201e<\/strong>Dank der fortgesetzten BMFTR-F\u00f6rderung k\u00f6nnen wir unsere Forschung an regenerierbaren Katalysatoren intensivieren<strong>.<\/strong> Dies ist ein wichtiger Schritt f\u00fcr die langfristige Wirtschaftlichkeit und Nachhaltigkeit der PtL-Verfahren.\u201c<\/p>\n<p><strong>Forschungsfokus: Langlebige Katalysatoren, integrierte Demonstration und neue Technologien<\/strong><\/p>\n<p>In der neuen Projektphase von CARE-O-SENE liegt der Fokus darauf, entwickelte Fischer-Tropsch (FT)-Katalysatoren weiter zu optimieren und deren Lebensdauer zu verbessern. Dadurch m\u00fcssen die Katalysatoren seltener ersetzt werden, die enthaltenen Materialien k\u00f6nnen effektiver genutzt werden, und der FT-Prozess wird nachhaltiger sowie wirtschaftlicher.<\/p>\n<p>Obwohl Katalysatoren definitionsgem\u00e4\u00df nicht verbraucht werden, neigen sie in der Praxis dazu, an Aktivit\u00e4t zu verlieren und so an Leistungsf\u00e4higkeit einzub\u00fc\u00dfen. Im CARE-O-SENE-Projekt wird deshalb intensiv an Verfahren gearbeitet, um die Lebensdauer und die optimale Nutzung der wertvollen Edelmetalle der Katalysatoren zu verbessern. Den wichtigsten Meilenstein hat das Projektteam bereits erreicht: die Entwicklung eines effizienten Katalysators mit einer Kerosinausbeute von \u00fcber 80 %.<\/p>\n<p>Der k\u00fcrzlich entwickelte FT-Katalysator wird in einem neuen integrierten System eingesetzt, das vom Fraunhofer-Institut f\u00fcr Keramische Technologien und Systeme (IKTS) entwickelt wurde und in der Lage ist, erneuerbaren Strom und nachhaltige Rohstoffe in synthetische FT-Rohprodukte umzuwandeln, welche zu SAF veredelt werden k\u00f6nnen. Dies erm\u00f6glicht nicht nur die Abbildung der gesamten Wertsch\u00f6pfungskette, sondern auch die Untersuchung der Auswirkungen unterschiedlicher Rohstoffe und der fluktuierenden Verf\u00fcgbarkeit erneuerbarer Energien auf den Prozess.<\/p>\n<p>Ein weiterer Schwerpunkt der aktuellen Projektphase ist die weitere Erforschung von D\u00fcnnschichtkatalysatoren. <strong>\u201eDiese Technologie wird eine neue Generation von Fischer-Tropsch-Reaktoren erm\u00f6glichen und die Flexibilit\u00e4t der Produktion von nachhaltigen Flugkraftstoffen so weiter verbessern,\u201c<\/strong> erkl\u00e4rt Dr. Tobias Sontheimer, Co-Leiter des Projekts und Head of Strategy Department for Energy and Information am Helmholtz-Zentrum Berlin (HZB)und<\/p>\n<p><!-- \/wp:paragraph --><\/p>\t\t\t\t\t\t<\/div>\n\t\t\t\t<\/div>\n\t\t\t\t\t<\/div>\n\t\t<\/div>\n\t\t\t\t\t<\/div>\n\t\t<\/section>\n\t\t\t\t<section class=\"elementor-section elementor-top-section elementor-element elementor-element-dbaa8fd elementor-section-boxed elementor-section-height-default elementor-section-height-default\" data-id=\"dbaa8fd\" data-element_type=\"section\" data-settings=\"{&quot;jet_parallax_layout_list&quot;:[]}\">\n\t\t\t\t\t\t<div class=\"elementor-container elementor-column-gap-default\">\n\t\t\t\t\t<div class=\"elementor-column elementor-col-66 elementor-top-column elementor-element elementor-element-2454a87\" data-id=\"2454a87\" data-element_type=\"column\">\n\t\t\t<div class=\"elementor-widget-wrap elementor-element-populated\">\n\t\t\t\t\t\t<div class=\"elementor-element elementor-element-50791f5 elementor-widget elementor-widget-text-editor\" data-id=\"50791f5\" data-element_type=\"widget\" data-widget_type=\"text-editor.default\">\n\t\t\t\t<div class=\"elementor-widget-container\">\n\t\t\t\t\t\t\t<p><span style=\"font-weight: bolder;\">Zum Ziel durch globale Partnerschaften<\/span><\/p>\n<p>Auf dem CARE-O-SENE-Event \u201e<span style=\"font-weight: bolder;\">Innovate to Elevate\u201c<\/span>\u00a0am 15. Oktober \u00fcbergab Kerstin Annassi, Head of Department Energy Systems beim Projekttr\u00e4ger J\u00fclich, die F\u00f6rderverl\u00e4ngerung im Auftrag des BMFTR in den Berliner HZB-R\u00e4umlichkeiten. Sie hob die Bedeutung internationaler Kooperationen sowie die enge Zusammenarbeit zwischen Forschung und Industrie hervor:\u00a0<span style=\"font-weight: bolder;\">\u201eNur durch die B\u00fcndelung von Expertise und Ressourcen \u2013 sowohl \u00fcber L\u00e4ndergrenzen hinweg als auch zwischen Forschungsinstituten und Industrie \u2013 k\u00f6nnen wir die dringend ben\u00f6tigten Fortschritte erzielen, um die Transformation der Luftfahrtbranche zu beschleunigen.<\/span>\u201c Mehr Informationen zum Event sowie die vollst\u00e4ndige Aufzeichnung finden sie\u00a0<a href=\"https:\/\/care-o-sene.com\/de_de\/2024\/11\/04\/ein-katalysator-fuer-nachhaltige-innovation-care-o-sene-event-zur-dekarbonisierung-des-luftverkehrs-findet-weltweit-beachtung\/\" target=\"_blank\" rel=\"noopener\">hier<\/a>.<\/p>\n<p>Das Konsortium, bestehend aus dem Fraunhofer-Institut f\u00fcr Keramische Technologien und Systeme (IKTS), dem Helmholtz-Zentrum Berlin (HZB), INERATEC, dem Karlsruher Institut f\u00fcr Technologie (KIT), der University of Cape Town (UCT) und Sasol, kann so auch weiterhin einen wichtigen Beitrag zur Dekarbonisierung der Luftfahrt leisten.<\/p>\n<p>\u00a0<\/p>\n<p>-Ende-<\/p>\n<p><span style=\"font-weight: bolder;\">Pressekontakt:<\/span><\/p>\n<p>Torsten Titze, Communications Manager, Sasol<br \/>Mobil: +49 173 66 800 90<br \/>Torsten.Titze@de.sasol.com<\/p>\t\t\t\t\t\t<\/div>\n\t\t\t\t<\/div>\n\t\t\t\t\t<\/div>\n\t\t<\/div>\n\t\t\t\t<div class=\"elementor-column elementor-col-33 elementor-top-column elementor-element elementor-element-35df176\" data-id=\"35df176\" data-element_type=\"column\">\n\t\t\t<div class=\"elementor-widget-wrap elementor-element-populated\">\n\t\t\t\t\t\t<div class=\"elementor-element elementor-element-bbccdfb elementor-widget__width-initial elementor-widget elementor-widget-image\" data-id=\"bbccdfb\" data-element_type=\"widget\" data-widget_type=\"image.default\">\n\t\t\t\t<div class=\"elementor-widget-container\">\n\t\t\t\t\t\t\t\t\t\t<figure class=\"wp-caption\">\n\t\t\t\t\t\t\t\t\t\t\t<a href=\"https:\/\/care-o-sene.com\/wp-content\/uploads\/Kerstin-Annassi-m.-ueberreicht-Dr.-Dirk-Schaer-l.-und-Dr.-Tobias-Sontheimer-r.-die-Foerderverlaengerung-fuer-CARE-O-SENE-im-Auftrag-des-BMBF_small-scaled.jpg\" data-elementor-open-lightbox=\"yes\" data-elementor-lightbox-title=\"Kerstin Annassi (m.) ueberreicht Dr. Dirk Schaer (l.) und Dr. Tobias Sontheimer (r.) die Foerderverlaengerung f\u00fcr CARE-O-SENE im Auftrag des BMBF_small\" data-e-action-hash=\"#elementor-action%3Aaction%3Dlightbox%26settings%3DeyJpZCI6Mzg0MiwidXJsIjoiaHR0cHM6XC9cL2NhcmUtby1zZW5lLmNvbVwvd3AtY29udGVudFwvdXBsb2Fkc1wvS2Vyc3Rpbi1Bbm5hc3NpLW0uLXVlYmVycmVpY2h0LURyLi1EaXJrLVNjaGFlci1sLi11bmQtRHIuLVRvYmlhcy1Tb250aGVpbWVyLXIuLWRpZS1Gb2VyZGVydmVybGFlbmdlcnVuZy1mdWVyLUNBUkUtTy1TRU5FLWltLUF1ZnRyYWctZGVzLUJNQkZfc21hbGwtc2NhbGVkLmpwZyJ9\">\n\t\t\t\t\t\t\t<img fetchpriority=\"high\" decoding=\"async\" width=\"671\" height=\"1024\" src=\"https:\/\/care-o-sene.com\/wp-content\/uploads\/Kerstin-Annassi-m.-ueberreicht-Dr.-Dirk-Schaer-l.-und-Dr.-Tobias-Sontheimer-r.-die-Foerderverlaengerung-fuer-CARE-O-SENE-im-Auftrag-des-BMBF_small-671x1024.jpg\" class=\"attachment-large size-large wp-image-3842\" alt=\"\" srcset=\"https:\/\/care-o-sene.com\/wp-content\/uploads\/Kerstin-Annassi-m.-ueberreicht-Dr.-Dirk-Schaer-l.-und-Dr.-Tobias-Sontheimer-r.-die-Foerderverlaengerung-fuer-CARE-O-SENE-im-Auftrag-des-BMBF_small-671x1024.jpg 671w, https:\/\/care-o-sene.com\/wp-content\/uploads\/Kerstin-Annassi-m.-ueberreicht-Dr.-Dirk-Schaer-l.-und-Dr.-Tobias-Sontheimer-r.-die-Foerderverlaengerung-fuer-CARE-O-SENE-im-Auftrag-des-BMBF_small-196x300.jpg 196w, https:\/\/care-o-sene.com\/wp-content\/uploads\/Kerstin-Annassi-m.-ueberreicht-Dr.-Dirk-Schaer-l.-und-Dr.-Tobias-Sontheimer-r.-die-Foerderverlaengerung-fuer-CARE-O-SENE-im-Auftrag-des-BMBF_small-768x1173.jpg 768w, https:\/\/care-o-sene.com\/wp-content\/uploads\/Kerstin-Annassi-m.-ueberreicht-Dr.-Dirk-Schaer-l.-und-Dr.-Tobias-Sontheimer-r.-die-Foerderverlaengerung-fuer-CARE-O-SENE-im-Auftrag-des-BMBF_small-1006x1536.jpg 1006w, https:\/\/care-o-sene.com\/wp-content\/uploads\/Kerstin-Annassi-m.-ueberreicht-Dr.-Dirk-Schaer-l.-und-Dr.-Tobias-Sontheimer-r.-die-Foerderverlaengerung-fuer-CARE-O-SENE-im-Auftrag-des-BMBF_small-1341x2048.jpg 1341w, https:\/\/care-o-sene.com\/wp-content\/uploads\/Kerstin-Annassi-m.-ueberreicht-Dr.-Dirk-Schaer-l.-und-Dr.-Tobias-Sontheimer-r.-die-Foerderverlaengerung-fuer-CARE-O-SENE-im-Auftrag-des-BMBF_small-8x12.jpg 8w, https:\/\/care-o-sene.com\/wp-content\/uploads\/Kerstin-Annassi-m.-ueberreicht-Dr.-Dirk-Schaer-l.-und-Dr.-Tobias-Sontheimer-r.-die-Foerderverlaengerung-fuer-CARE-O-SENE-im-Auftrag-des-BMBF_small-scaled.jpg 1676w\" sizes=\"(max-width: 671px) 100vw, 671px\" \/>\t\t\t\t\t\t\t\t<\/a>\n\t\t\t\t\t\t\t\t\t\t\t<figcaption class=\"widget-image-caption wp-caption-text\">Kerstin Annassi (m.) \u00fcberreicht Dr. Dirk Sch\u00e4r (l.) und Dr. Tobias Sontheimer (r.) die F\u00f6rderverl\u00e4ngerung f\u00fcr CARE-O-SENE im Auftrag des BMFTR<\/figcaption>\n\t\t\t\t\t\t\t\t\t\t<\/figure>\n\t\t\t\t\t\t\t<\/div>\n\t\t\t\t<\/div>\n\t\t\t\t\t<\/div>\n\t\t<\/div>\n\t\t\t\t\t<\/div>\n\t\t<\/section>\n\t\t\t\t<\/div>",
        "protected": false
    },
    "excerpt": {
        "rendered": "<p>Bundesministerium f\u00fcr Forschung, Technologie und Raumfahrt (BMFTR) unterst\u00fctzt CARE-O-SENE-Projekt bis Ende 2026 Hamburg\/Berlin, 12. November 2024 \u2013 Das deutsch-s\u00fcdafrikanische CARE-O-SENE-Konsortium, das effiziente Katalysatoren f\u00fcr die Produktion von Sustainable Aviation Fuel (SAF) auf Power-to-Liquid (PtL)-Basis entwickelt, erh\u00e4lt eine F\u00f6rderverl\u00e4ngerung des Bundesministeriums&nbsp; f\u00fcr Forschung, Technologie und Raumfahrt (BMFTR) bis Ende 2026. Dr. Dirk Sch\u00e4r, Co-Projektleiter und Lead [&hellip;]<\/p>",
        "protected": false
    },
    "author": 6,
    "featured_media": 3841,
    "comment_status": "open",
    "ping_status": "open",
    "sticky": false,
    "template": "",
    "format": "standard",
    "meta": {
        "_acf_changed": false,
        "footnotes": ""
    },
    "categories": [
        1
    ],
    "tags": [],
    "class_list": [
        "post-3836",
        "post",
        "type-post",
        "status-publish",
        "format-standard",
        "has-post-thumbnail",
        "hentry",
        "category-uncategorized"
    ],
    "acf": [],
    "yoast_head": "<!-- This site is optimized with the Yoast SEO plugin v25.8 - https:\/\/yoast.com\/wordpress\/plugins\/seo\/ -->\n<title>Bundesministerium f\u00fcr Forschung, Technologie und Raumfahrt (BMFTR) unterst\u00fctzt CARE-O-SENE-Projekt bis Ende 2026 - CARE-O-SENE<\/title>\n<meta name=\"robots\" content=\"index, follow, max-snippet:-1, max-image-preview:large, max-video-preview:-1\" \/>\n<link rel=\"canonical\" href=\"https:\/\/care-o-sene.com\/de_de\/2024\/11\/14\/bundesministerium-fuer-bildung-und-forschung-bmbf-unterstuetzt-care-o-sene-projekt-bis-ende-2026\/\" \/>\n<meta property=\"og:locale\" content=\"de_DE\" \/>\n<meta property=\"og:type\" content=\"article\" \/>\n<meta property=\"og:title\" content=\"Bundesministerium f\u00fcr Forschung, Technologie und Raumfahrt (BMFTR) unterst\u00fctzt CARE-O-SENE-Projekt bis Ende 2026 - CARE-O-SENE\" \/>\n<meta property=\"og:description\" content=\"Bundesministerium f\u00fcr Forschung, Technologie und Raumfahrt (BMFTR) unterst\u00fctzt CARE-O-SENE-Projekt bis Ende 2026 Hamburg\/Berlin, 12. November 2024 \u2013 Das deutsch-s\u00fcdafrikanische CARE-O-SENE-Konsortium, das effiziente Katalysatoren f\u00fcr die Produktion von Sustainable Aviation Fuel (SAF) auf Power-to-Liquid (PtL)-Basis entwickelt, erh\u00e4lt eine F\u00f6rderverl\u00e4ngerung des Bundesministeriums&nbsp; f\u00fcr Forschung, Technologie und Raumfahrt (BMFTR) bis Ende 2026. Dr. Dirk Sch\u00e4r, Co-Projektleiter und Lead [&hellip;]\" \/>\n<meta property=\"og:url\" content=\"https:\/\/care-o-sene.com\/de_de\/2024\/11\/14\/bundesministerium-fuer-bildung-und-forschung-bmbf-unterstuetzt-care-o-sene-projekt-bis-ende-2026\/\" \/>\n<meta property=\"og:site_name\" content=\"CARE-O-SENE\" \/>\n<meta property=\"article:published_time\" content=\"2024-11-14T10:26:15+00:00\" \/>\n<meta property=\"article:modified_time\" content=\"2025-06-02T14:07:43+00:00\" \/>\n<meta property=\"og:image\" content=\"https:\/\/care-o-sene.com\/wp-content\/uploads\/Kerstin-Annassi-m.-ueberreicht-Dr.-Dirk-Schaer-l.-und-Dr.-Tobias-Sontheimer-r.-die-Foerderverlaengerung-fuer-CARE-O-SENE-im-Auftrag-des-BMBF_header.jpg\" \/>\n\t<meta property=\"og:image:width\" content=\"1920\" \/>\n\t<meta property=\"og:image:height\" content=\"1080\" \/>\n\t<meta property=\"og:image:type\" content=\"image\/jpeg\" \/>\n<meta name=\"author\" content=\"ORCA van Loon\" \/>\n<meta name=\"twitter:card\" content=\"summary_large_image\" \/>\n<meta name=\"twitter:label1\" content=\"Verfasst von\" \/>\n\t<meta name=\"twitter:data1\" content=\"ORCA van Loon\" \/>\n\t<meta name=\"twitter:label2\" content=\"Gesch\u00e4tzte Lesezeit\" \/>\n\t<meta name=\"twitter:data2\" content=\"3\u00a0Minuten\" \/>\n<script type=\"application\/ld+json\" class=\"yoast-schema-graph\">{\"@context\":\"https:\/\/schema.org\",\"@graph\":[{\"@type\":\"Article\",\"@id\":\"https:\/\/care-o-sene.com\/en\/2024\/11\/14\/bundesministerium-fuer-bildung-und-forschung-bmbf-unterstuetzt-care-o-sene-projekt-bis-ende-2026\/#article\",\"isPartOf\":{\"@id\":\"https:\/\/care-o-sene.com\/en\/2024\/11\/14\/bundesministerium-fuer-bildung-und-forschung-bmbf-unterstuetzt-care-o-sene-projekt-bis-ende-2026\/\"},\"author\":{\"name\":\"ORCA van Loon\",\"@id\":\"https:\/\/care-o-sene.com\/#\/schema\/person\/e1b9cc05f42ac3c1f7be5ff4d5e04832\"},\"headline\":\"Bundesministerium f\u00fcr Forschung, Technologie und Raumfahrt (BMFTR) unterst\u00fctzt CARE-O-SENE-Projekt bis Ende 2026\",\"datePublished\":\"2024-11-14T10:26:15+00:00\",\"dateModified\":\"2025-06-02T14:07:43+00:00\",\"mainEntityOfPage\":{\"@id\":\"https:\/\/care-o-sene.com\/en\/2024\/11\/14\/bundesministerium-fuer-bildung-und-forschung-bmbf-unterstuetzt-care-o-sene-projekt-bis-ende-2026\/\"},\"wordCount\":542,\"commentCount\":0,\"publisher\":{\"@id\":\"https:\/\/care-o-sene.com\/#organization\"},\"image\":{\"@id\":\"https:\/\/care-o-sene.com\/en\/2024\/11\/14\/bundesministerium-fuer-bildung-und-forschung-bmbf-unterstuetzt-care-o-sene-projekt-bis-ende-2026\/#primaryimage\"},\"thumbnailUrl\":\"https:\/\/care-o-sene.com\/wp-content\/uploads\/Kerstin-Annassi-m.-ueberreicht-Dr.-Dirk-Schaer-l.-und-Dr.-Tobias-Sontheimer-r.-die-Foerderverlaengerung-fuer-CARE-O-SENE-im-Auftrag-des-BMBF_header.jpg\",\"articleSection\":[\"Uncategorized\"],\"inLanguage\":\"de\",\"potentialAction\":[{\"@type\":\"CommentAction\",\"name\":\"Comment\",\"target\":[\"https:\/\/care-o-sene.com\/en\/2024\/11\/14\/bundesministerium-fuer-bildung-und-forschung-bmbf-unterstuetzt-care-o-sene-projekt-bis-ende-2026\/#respond\"]}]},{\"@type\":\"WebPage\",\"@id\":\"https:\/\/care-o-sene.com\/en\/2024\/11\/14\/bundesministerium-fuer-bildung-und-forschung-bmbf-unterstuetzt-care-o-sene-projekt-bis-ende-2026\/\",\"url\":\"https:\/\/care-o-sene.com\/en\/2024\/11\/14\/bundesministerium-fuer-bildung-und-forschung-bmbf-unterstuetzt-care-o-sene-projekt-bis-ende-2026\/\",\"name\":\"Bundesministerium f\u00fcr Forschung, Technologie und Raumfahrt (BMFTR) unterst\u00fctzt CARE-O-SENE-Projekt bis Ende 2026 - CARE-O-SENE\",\"isPartOf\":{\"@id\":\"https:\/\/care-o-sene.com\/#website\"},\"primaryImageOfPage\":{\"@id\":\"https:\/\/care-o-sene.com\/en\/2024\/11\/14\/bundesministerium-fuer-bildung-und-forschung-bmbf-unterstuetzt-care-o-sene-projekt-bis-ende-2026\/#primaryimage\"},\"image\":{\"@id\":\"https:\/\/care-o-sene.com\/en\/2024\/11\/14\/bundesministerium-fuer-bildung-und-forschung-bmbf-unterstuetzt-care-o-sene-projekt-bis-ende-2026\/#primaryimage\"},\"thumbnailUrl\":\"https:\/\/care-o-sene.com\/wp-content\/uploads\/Kerstin-Annassi-m.-ueberreicht-Dr.-Dirk-Schaer-l.-und-Dr.-Tobias-Sontheimer-r.-die-Foerderverlaengerung-fuer-CARE-O-SENE-im-Auftrag-des-BMBF_header.jpg\",\"datePublished\":\"2024-11-14T10:26:15+00:00\",\"dateModified\":\"2025-06-02T14:07:43+00:00\",\"breadcrumb\":{\"@id\":\"https:\/\/care-o-sene.com\/en\/2024\/11\/14\/bundesministerium-fuer-bildung-und-forschung-bmbf-unterstuetzt-care-o-sene-projekt-bis-ende-2026\/#breadcrumb\"},\"inLanguage\":\"de\",\"potentialAction\":[{\"@type\":\"ReadAction\",\"target\":[\"https:\/\/care-o-sene.com\/en\/2024\/11\/14\/bundesministerium-fuer-bildung-und-forschung-bmbf-unterstuetzt-care-o-sene-projekt-bis-ende-2026\/\"]}]},{\"@type\":\"ImageObject\",\"inLanguage\":\"de\",\"@id\":\"https:\/\/care-o-sene.com\/en\/2024\/11\/14\/bundesministerium-fuer-bildung-und-forschung-bmbf-unterstuetzt-care-o-sene-projekt-bis-ende-2026\/#primaryimage\",\"url\":\"https:\/\/care-o-sene.com\/wp-content\/uploads\/Kerstin-Annassi-m.-ueberreicht-Dr.-Dirk-Schaer-l.-und-Dr.-Tobias-Sontheimer-r.-die-Foerderverlaengerung-fuer-CARE-O-SENE-im-Auftrag-des-BMBF_header.jpg\",\"contentUrl\":\"https:\/\/care-o-sene.com\/wp-content\/uploads\/Kerstin-Annassi-m.-ueberreicht-Dr.-Dirk-Schaer-l.-und-Dr.-Tobias-Sontheimer-r.-die-Foerderverlaengerung-fuer-CARE-O-SENE-im-Auftrag-des-BMBF_header.jpg\",\"width\":1920,\"height\":1080},{\"@type\":\"BreadcrumbList\",\"@id\":\"https:\/\/care-o-sene.com\/en\/2024\/11\/14\/bundesministerium-fuer-bildung-und-forschung-bmbf-unterstuetzt-care-o-sene-projekt-bis-ende-2026\/#breadcrumb\",\"itemListElement\":[{\"@type\":\"ListItem\",\"position\":1,\"name\":\"Startseite\",\"item\":\"https:\/\/care-o-sene.com\/\"},{\"@type\":\"ListItem\",\"position\":2,\"name\":\"Bundesministerium f\u00fcr Forschung, Technologie und Raumfahrt (BMFTR) unterst\u00fctzt CARE-O-SENE-Projekt bis Ende 2026\"}]},{\"@type\":\"WebSite\",\"@id\":\"https:\/\/care-o-sene.com\/#website\",\"url\":\"https:\/\/care-o-sene.com\/\",\"name\":\"CARE-O-SENE\",\"description\":\"Catalyst Research for Sustainable Kerosene\",\"publisher\":{\"@id\":\"https:\/\/care-o-sene.com\/#organization\"},\"potentialAction\":[{\"@type\":\"SearchAction\",\"target\":{\"@type\":\"EntryPoint\",\"urlTemplate\":\"https:\/\/care-o-sene.com\/?s={search_term_string}\"},\"query-input\":{\"@type\":\"PropertyValueSpecification\",\"valueRequired\":true,\"valueName\":\"search_term_string\"}}],\"inLanguage\":\"de\"},{\"@type\":\"Organization\",\"@id\":\"https:\/\/care-o-sene.com\/#organization\",\"name\":\"CARE-O-SENE\",\"url\":\"https:\/\/care-o-sene.com\/\",\"logo\":{\"@type\":\"ImageObject\",\"inLanguage\":\"de\",\"@id\":\"https:\/\/care-o-sene.com\/#\/schema\/logo\/image\/\",\"url\":\"https:\/\/care-o-sene.com\/wp-content\/uploads\/favicon-1.png\",\"contentUrl\":\"https:\/\/care-o-sene.com\/wp-content\/uploads\/favicon-1.png\",\"width\":383,\"height\":389,\"caption\":\"CARE-O-SENE\"},\"image\":{\"@id\":\"https:\/\/care-o-sene.com\/#\/schema\/logo\/image\/\"}},{\"@type\":\"Person\",\"@id\":\"https:\/\/care-o-sene.com\/#\/schema\/person\/e1b9cc05f42ac3c1f7be5ff4d5e04832\",\"name\":\"ORCA van Loon\",\"image\":{\"@type\":\"ImageObject\",\"inLanguage\":\"de\",\"@id\":\"https:\/\/care-o-sene.com\/#\/schema\/person\/image\/\",\"url\":\"https:\/\/secure.gravatar.com\/avatar\/8eb7842d608afc1953c086884470931aa993fcc6d189db48d359fdd7a5630ce2?s=96&d=mm&r=g\",\"contentUrl\":\"https:\/\/secure.gravatar.com\/avatar\/8eb7842d608afc1953c086884470931aa993fcc6d189db48d359fdd7a5630ce2?s=96&d=mm&r=g\",\"caption\":\"ORCA van Loon\"},\"url\":\"https:\/\/care-o-sene.com\/de_de\/author\/orca-van-loon\/\"}]}<\/script>\n<!-- \/ Yoast SEO plugin. -->",
    "yoast_head_json": {
        "title": "Bundesministerium f\u00fcr Forschung, Technologie und Raumfahrt (BMFTR) unterst\u00fctzt CARE-O-SENE-Projekt bis Ende 2026 - CARE-O-SENE",
        "robots": {
            "index": "index",
            "follow": "follow",
            "max-snippet": "max-snippet:-1",
            "max-image-preview": "max-image-preview:large",
            "max-video-preview": "max-video-preview:-1"
        },
        "canonical": "https:\/\/care-o-sene.com\/de_de\/2024\/11\/14\/bundesministerium-fuer-bildung-und-forschung-bmbf-unterstuetzt-care-o-sene-projekt-bis-ende-2026\/",
        "og_locale": "de_DE",
        "og_type": "article",
        "og_title": "Bundesministerium f\u00fcr Forschung, Technologie und Raumfahrt (BMFTR) unterst\u00fctzt CARE-O-SENE-Projekt bis Ende 2026 - CARE-O-SENE",
        "og_description": "Bundesministerium f\u00fcr Forschung, Technologie und Raumfahrt (BMFTR) unterst\u00fctzt CARE-O-SENE-Projekt bis Ende 2026 Hamburg\/Berlin, 12. November 2024 \u2013 Das deutsch-s\u00fcdafrikanische CARE-O-SENE-Konsortium, das effiziente Katalysatoren f\u00fcr die Produktion von Sustainable Aviation Fuel (SAF) auf Power-to-Liquid (PtL)-Basis entwickelt, erh\u00e4lt eine F\u00f6rderverl\u00e4ngerung des Bundesministeriums&nbsp; f\u00fcr Forschung, Technologie und Raumfahrt (BMFTR) bis Ende 2026. Dr. Dirk Sch\u00e4r, Co-Projektleiter und Lead [&hellip;]",
        "og_url": "https:\/\/care-o-sene.com\/de_de\/2024\/11\/14\/bundesministerium-fuer-bildung-und-forschung-bmbf-unterstuetzt-care-o-sene-projekt-bis-ende-2026\/",
        "og_site_name": "CARE-O-SENE",
        "article_published_time": "2024-11-14T10:26:15+00:00",
        "article_modified_time": "2025-06-02T14:07:43+00:00",
        "og_image": [
            {
                "width": 1920,
                "height": 1080,
                "url": "https:\/\/care-o-sene.com\/wp-content\/uploads\/Kerstin-Annassi-m.-ueberreicht-Dr.-Dirk-Schaer-l.-und-Dr.-Tobias-Sontheimer-r.-die-Foerderverlaengerung-fuer-CARE-O-SENE-im-Auftrag-des-BMBF_header.jpg",
                "type": "image\/jpeg"
            }
        ],
        "author": "ORCA van Loon",
        "twitter_card": "summary_large_image",
        "twitter_misc": {
            "Verfasst von": "ORCA van Loon",
            "Gesch\u00e4tzte Lesezeit": "3\u00a0Minuten"
        },
        "schema": {
            "@context": "https:\/\/schema.org",
            "@graph": [
                {
                    "@type": "Article",
                    "@id": "https:\/\/care-o-sene.com\/en\/2024\/11\/14\/bundesministerium-fuer-bildung-und-forschung-bmbf-unterstuetzt-care-o-sene-projekt-bis-ende-2026\/#article",
                    "isPartOf": {
                        "@id": "https:\/\/care-o-sene.com\/en\/2024\/11\/14\/bundesministerium-fuer-bildung-und-forschung-bmbf-unterstuetzt-care-o-sene-projekt-bis-ende-2026\/"
                    },
                    "author": {
                        "name": "ORCA van Loon",
                        "@id": "https:\/\/care-o-sene.com\/#\/schema\/person\/e1b9cc05f42ac3c1f7be5ff4d5e04832"
                    },
                    "headline": "Bundesministerium f\u00fcr Forschung, Technologie und Raumfahrt (BMFTR) unterst\u00fctzt CARE-O-SENE-Projekt bis Ende 2026",
                    "datePublished": "2024-11-14T10:26:15+00:00",
                    "dateModified": "2025-06-02T14:07:43+00:00",
                    "mainEntityOfPage": {
                        "@id": "https:\/\/care-o-sene.com\/en\/2024\/11\/14\/bundesministerium-fuer-bildung-und-forschung-bmbf-unterstuetzt-care-o-sene-projekt-bis-ende-2026\/"
                    },
                    "wordCount": 542,
                    "commentCount": 0,
                    "publisher": {
                        "@id": "https:\/\/care-o-sene.com\/#organization"
                    },
                    "image": {
                        "@id": "https:\/\/care-o-sene.com\/en\/2024\/11\/14\/bundesministerium-fuer-bildung-und-forschung-bmbf-unterstuetzt-care-o-sene-projekt-bis-ende-2026\/#primaryimage"
                    },
                    "thumbnailUrl": "https:\/\/care-o-sene.com\/wp-content\/uploads\/Kerstin-Annassi-m.-ueberreicht-Dr.-Dirk-Schaer-l.-und-Dr.-Tobias-Sontheimer-r.-die-Foerderverlaengerung-fuer-CARE-O-SENE-im-Auftrag-des-BMBF_header.jpg",
                    "articleSection": [
                        "Uncategorized"
                    ],
                    "inLanguage": "de",
                    "potentialAction": [
                        {
                            "@type": "CommentAction",
                            "name": "Comment",
                            "target": [
                                "https:\/\/care-o-sene.com\/en\/2024\/11\/14\/bundesministerium-fuer-bildung-und-forschung-bmbf-unterstuetzt-care-o-sene-projekt-bis-ende-2026\/#respond"
                            ]
                        }
                    ]
                },
                {
                    "@type": "WebPage",
                    "@id": "https:\/\/care-o-sene.com\/en\/2024\/11\/14\/bundesministerium-fuer-bildung-und-forschung-bmbf-unterstuetzt-care-o-sene-projekt-bis-ende-2026\/",
                    "url": "https:\/\/care-o-sene.com\/en\/2024\/11\/14\/bundesministerium-fuer-bildung-und-forschung-bmbf-unterstuetzt-care-o-sene-projekt-bis-ende-2026\/",
                    "name": "Bundesministerium f\u00fcr Forschung, Technologie und Raumfahrt (BMFTR) unterst\u00fctzt CARE-O-SENE-Projekt bis Ende 2026 - CARE-O-SENE",
                    "isPartOf": {
                        "@id": "https:\/\/care-o-sene.com\/#website"
                    },
                    "primaryImageOfPage": {
                        "@id": "https:\/\/care-o-sene.com\/en\/2024\/11\/14\/bundesministerium-fuer-bildung-und-forschung-bmbf-unterstuetzt-care-o-sene-projekt-bis-ende-2026\/#primaryimage"
                    },
                    "image": {
                        "@id": "https:\/\/care-o-sene.com\/en\/2024\/11\/14\/bundesministerium-fuer-bildung-und-forschung-bmbf-unterstuetzt-care-o-sene-projekt-bis-ende-2026\/#primaryimage"
                    },
                    "thumbnailUrl": "https:\/\/care-o-sene.com\/wp-content\/uploads\/Kerstin-Annassi-m.-ueberreicht-Dr.-Dirk-Schaer-l.-und-Dr.-Tobias-Sontheimer-r.-die-Foerderverlaengerung-fuer-CARE-O-SENE-im-Auftrag-des-BMBF_header.jpg",
                    "datePublished": "2024-11-14T10:26:15+00:00",
                    "dateModified": "2025-06-02T14:07:43+00:00",
                    "breadcrumb": {
                        "@id": "https:\/\/care-o-sene.com\/en\/2024\/11\/14\/bundesministerium-fuer-bildung-und-forschung-bmbf-unterstuetzt-care-o-sene-projekt-bis-ende-2026\/#breadcrumb"
                    },
                    "inLanguage": "de",
                    "potentialAction": [
                        {
                            "@type": "ReadAction",
                            "target": [
                                "https:\/\/care-o-sene.com\/en\/2024\/11\/14\/bundesministerium-fuer-bildung-und-forschung-bmbf-unterstuetzt-care-o-sene-projekt-bis-ende-2026\/"
                            ]
                        }
                    ]
                },
                {
                    "@type": "ImageObject",
                    "inLanguage": "de",
                    "@id": "https:\/\/care-o-sene.com\/en\/2024\/11\/14\/bundesministerium-fuer-bildung-und-forschung-bmbf-unterstuetzt-care-o-sene-projekt-bis-ende-2026\/#primaryimage",
                    "url": "https:\/\/care-o-sene.com\/wp-content\/uploads\/Kerstin-Annassi-m.-ueberreicht-Dr.-Dirk-Schaer-l.-und-Dr.-Tobias-Sontheimer-r.-die-Foerderverlaengerung-fuer-CARE-O-SENE-im-Auftrag-des-BMBF_header.jpg",
                    "contentUrl": "https:\/\/care-o-sene.com\/wp-content\/uploads\/Kerstin-Annassi-m.-ueberreicht-Dr.-Dirk-Schaer-l.-und-Dr.-Tobias-Sontheimer-r.-die-Foerderverlaengerung-fuer-CARE-O-SENE-im-Auftrag-des-BMBF_header.jpg",
                    "width": 1920,
                    "height": 1080
                },
                {
                    "@type": "BreadcrumbList",
                    "@id": "https:\/\/care-o-sene.com\/en\/2024\/11\/14\/bundesministerium-fuer-bildung-und-forschung-bmbf-unterstuetzt-care-o-sene-projekt-bis-ende-2026\/#breadcrumb",
                    "itemListElement": [
                        {
                            "@type": "ListItem",
                            "position": 1,
                            "name": "Startseite",
                            "item": "https:\/\/care-o-sene.com\/"
                        },
                        {
                            "@type": "ListItem",
                            "position": 2,
                            "name": "Bundesministerium f\u00fcr Forschung, Technologie und Raumfahrt (BMFTR) unterst\u00fctzt CARE-O-SENE-Projekt bis Ende 2026"
                        }
                    ]
                },
                {
                    "@type": "WebSite",
                    "@id": "https:\/\/care-o-sene.com\/#website",
                    "url": "https:\/\/care-o-sene.com\/",
                    "name": "CARE-O-SENE",
                    "description": "Catalyst Research for Sustainable Kerosene",
                    "publisher": {
                        "@id": "https:\/\/care-o-sene.com\/#organization"
                    },
                    "potentialAction": [
                        {
                            "@type": "SearchAction",
                            "target": {
                                "@type": "EntryPoint",
                                "urlTemplate": "https:\/\/care-o-sene.com\/?s={search_term_string}"
                            },
                            "query-input": {
                                "@type": "PropertyValueSpecification",
                                "valueRequired": true,
                                "valueName": "search_term_string"
                            }
                        }
                    ],
                    "inLanguage": "de"
                },
                {
                    "@type": "Organization",
                    "@id": "https:\/\/care-o-sene.com\/#organization",
                    "name": "CARE-O-SENE",
                    "url": "https:\/\/care-o-sene.com\/",
                    "logo": {
                        "@type": "ImageObject",
                        "inLanguage": "de",
                        "@id": "https:\/\/care-o-sene.com\/#\/schema\/logo\/image\/",
                        "url": "https:\/\/care-o-sene.com\/wp-content\/uploads\/favicon-1.png",
                        "contentUrl": "https:\/\/care-o-sene.com\/wp-content\/uploads\/favicon-1.png",
                        "width": 383,
                        "height": 389,
                        "caption": "CARE-O-SENE"
                    },
                    "image": {
                        "@id": "https:\/\/care-o-sene.com\/#\/schema\/logo\/image\/"
                    }
                },
                {
                    "@type": "Person",
                    "@id": "https:\/\/care-o-sene.com\/#\/schema\/person\/e1b9cc05f42ac3c1f7be5ff4d5e04832",
                    "name": "ORCA van Loon",
                    "image": {
                        "@type": "ImageObject",
                        "inLanguage": "de",
                        "@id": "https:\/\/care-o-sene.com\/#\/schema\/person\/image\/",
                        "url": "https:\/\/secure.gravatar.com\/avatar\/8eb7842d608afc1953c086884470931aa993fcc6d189db48d359fdd7a5630ce2?s=96&d=mm&r=g",
                        "contentUrl": "https:\/\/secure.gravatar.com\/avatar\/8eb7842d608afc1953c086884470931aa993fcc6d189db48d359fdd7a5630ce2?s=96&d=mm&r=g",
                        "caption": "ORCA van Loon"
                    },
                    "url": "https:\/\/care-o-sene.com\/de_de\/author\/orca-van-loon\/"
                }
            ]
        }
    },
    "_links": {
        "self": [
            {
                "href": "https:\/\/care-o-sene.com\/de_de\/wp-json\/wp\/v2\/posts\/3836",
                "targetHints": {
                    "allow": [
                        "GET"
                    ]
                }
            }
        ],
        "collection": [
            {
                "href": "https:\/\/care-o-sene.com\/de_de\/wp-json\/wp\/v2\/posts"
            }
        ],
        "about": [
            {
                "href": "https:\/\/care-o-sene.com\/de_de\/wp-json\/wp\/v2\/types\/post"
            }
        ],
        "author": [
            {
                "embeddable": true,
                "href": "https:\/\/care-o-sene.com\/de_de\/wp-json\/wp\/v2\/users\/6"
            }
        ],
        "replies": [
            {
                "embeddable": true,
                "href": "https:\/\/care-o-sene.com\/de_de\/wp-json\/wp\/v2\/comments?post=3836"
            }
        ],
        "version-history": [
            {
                "count": 20,
                "href": "https:\/\/care-o-sene.com\/de_de\/wp-json\/wp\/v2\/posts\/3836\/revisions"
            }
        ],
        "predecessor-version": [
            {
                "id": 4032,
                "href": "https:\/\/care-o-sene.com\/de_de\/wp-json\/wp\/v2\/posts\/3836\/revisions\/4032"
            }
        ],
        "wp:featuredmedia": [
            {
                "embeddable": true,
                "href": "https:\/\/care-o-sene.com\/de_de\/wp-json\/wp\/v2\/media\/3841"
            }
        ],
        "wp:attachment": [
            {
                "href": "https:\/\/care-o-sene.com\/de_de\/wp-json\/wp\/v2\/media?parent=3836"
            }
        ],
        "wp:term": [
            {
                "taxonomy": "category",
                "embeddable": true,
                "href": "https:\/\/care-o-sene.com\/de_de\/wp-json\/wp\/v2\/categories?post=3836"
            },
            {
                "taxonomy": "post_tag",
                "embeddable": true,
                "href": "https:\/\/care-o-sene.com\/de_de\/wp-json\/wp\/v2\/tags?post=3836"
            }
        ],
        "curies": [
            {
                "name": "wp",
                "href": "https:\/\/api.w.org\/{rel}",
                "templated": true
            }
        ]
    }
}