{
    "id": 4136,
    "date": "2025-07-15T11:12:16",
    "date_gmt": "2025-07-15T09:12:16",
    "guid": {
        "rendered": "https:\/\/care-o-sene.com\/?p=4136"
    },
    "modified": "2025-07-15T11:17:42",
    "modified_gmt": "2025-07-15T09:17:42",
    "slug": "wissenschaftstalente-erkunden-the-laend-und-care-o-sene",
    "status": "publish",
    "type": "post",
    "link": "https:\/\/care-o-sene.com\/de_de\/2025\/07\/15\/wissenschaftstalente-erkunden-the-laend-und-care-o-sene\/",
    "title": {
        "rendered": "Wissenschaftstalente erkunden THE L\u00c4ND und CARE-O-SENE"
    },
    "content": {
        "rendered": "<div data-elementor-type=\"wp-post\" data-elementor-id=\"4136\" class=\"elementor elementor-4136\">\n\t\t\t\t\t\t<section class=\"elementor-section elementor-top-section elementor-element elementor-element-7ae77c90 elementor-section-boxed elementor-section-height-default elementor-section-height-default\" data-id=\"7ae77c90\" data-element_type=\"section\" data-settings=\"{&quot;jet_parallax_layout_list&quot;:[]}\">\n\t\t\t\t\t\t<div class=\"elementor-container elementor-column-gap-default\">\n\t\t\t\t\t<div class=\"elementor-column elementor-col-100 elementor-top-column elementor-element elementor-element-43a35e35\" data-id=\"43a35e35\" data-element_type=\"column\">\n\t\t\t<div class=\"elementor-widget-wrap elementor-element-populated\">\n\t\t\t\t\t\t<div class=\"elementor-element elementor-element-a293a1f elementor-widget elementor-widget-text-editor\" data-id=\"a293a1f\" data-element_type=\"widget\" data-widget_type=\"text-editor.default\">\n\t\t\t\t<div class=\"elementor-widget-container\">\n\t\t\t\t\t\t\t<!-- wp:heading -->\n<h2 class=\"wp-block-heading\"><strong>Wissenschaftstalente erkunden THE L\u00c4ND und CARE-O-SENE<\/strong><\/h2>\n<!-- \/wp:heading --><!-- wp:paragraph -->\n<p>Eine internationale Gruppe von Nachwuchswissenschaftlern besuchte am 9. Juli 2025 das Institut f\u00fcr Katalyseforschung und -technologie (IKFT) am KIT im Rahmen einer Wissenschaftstour durch Baden-W\u00fcrttemberg (THE L\u00c4ND) im Anschluss an die Nobelpreistr\u00e4gertagungen in Lindau. Die diesj\u00e4hrige Ausgabe dieses ber\u00fchmten Treffens war der Chemie gewidmet, mit einem besonderen Schwerpunkt auf Nachhaltigkeit und Kreislaufchemie. Auch bei der Nachfolgetour wurde der thematische Fokus auf diese dr\u00e4ngenden Themen gelegt, bei denen katalytische Technologien ein wichtiger Treiber sind und CARE-O-SENE als ideales Beispiel dient.<\/p>\n<!-- \/wp:paragraph --><!-- wp:paragraph -->\n<p>Am IKFT gab ein Team um die CARE-O-SENE PIs TT-Prof. Dr. Moritz Wolf, Prof. Dr. Jan-Dierk Grunwaldt und Dr. Anna Zimina einen Einblick in die Bedeutung der Katalyse f\u00fcr die Rohstoff- und Energiewende. Die Vortr\u00e4ge, Posterpr\u00e4sentationen und Laborbesichtigungen konzentrierten sich auf die Katalysatorentwicklung, einschlie\u00dflich DFT-Modellierung, Katalysatorsynthese, -formung und -pr\u00fcfung, die alle zu den Kernthemen unseres SFB geh\u00f6ren. Im zweiten Teil besuchte die Delegation die CAT-ACT-Beamline der KARA, wo die Bedeutung der Katalysatorcharakterisierung mit besonderem Schwerpunkt auf der R\u00f6ntgenabsorptionsspektroskopie (XAS) hervorgehoben wurde. Unser Doktorand Enrico Sireci und unsere Post-Doktorandin Dr. Mariam Schulte unterst\u00fctzten den Besuch und brachten viele Beispiele aus der Arbeit im Rahmen des CARE-O-SENE-Projekts ein.<\/p>\n<!-- \/wp:paragraph --><!-- wp:paragraph -->\n<p>Wir m\u00f6chten uns bei unseren Besuchern und den Organisatoren der Tour bedanken.<\/p>\n<!-- \/wp:paragraph -->\t\t\t\t\t\t<\/div>\n\t\t\t\t<\/div>\n\t\t\t\t\t<\/div>\n\t\t<\/div>\n\t\t\t\t\t<\/div>\n\t\t<\/section>\n\t\t\t\t<\/div>",
        "protected": false
    },
    "excerpt": {
        "rendered": "<p>Wissenschaftstalente erkunden THE L\u00c4ND und CARE-O-SENE Eine internationale Gruppe von Nachwuchswissenschaftlern besuchte am 9. Juli 2025 das Institut f\u00fcr Katalyseforschung und -technologie (IKFT) am KIT im Rahmen einer Wissenschaftstour durch Baden-W\u00fcrttemberg (THE L\u00c4ND) im Anschluss an die Nobelpreistr\u00e4gertagungen in Lindau. Die diesj\u00e4hrige Ausgabe dieses ber\u00fchmten Treffens war der Chemie gewidmet, mit einem besonderen Schwerpunkt auf [&hellip;]<\/p>",
        "protected": false
    },
    "author": 6,
    "featured_media": 4138,
    "comment_status": "open",
    "ping_status": "open",
    "sticky": false,
    "template": "",
    "format": "standard",
    "meta": {
        "_acf_changed": false,
        "footnotes": ""
    },
    "categories": [
        1
    ],
    "tags": [],
    "class_list": [
        "post-4136",
        "post",
        "type-post",
        "status-publish",
        "format-standard",
        "has-post-thumbnail",
        "hentry",
        "category-uncategorized"
    ],
    "acf": [],
    "yoast_head": "<!-- This site is optimized with the Yoast SEO plugin v25.8 - https:\/\/yoast.com\/wordpress\/plugins\/seo\/ -->\n<title>Wissenschaftstalente erkunden THE L\u00c4ND und CARE-O-SENE - CARE-O-SENE<\/title>\n<meta name=\"robots\" content=\"index, follow, max-snippet:-1, max-image-preview:large, max-video-preview:-1\" \/>\n<link rel=\"canonical\" href=\"https:\/\/care-o-sene.com\/de_de\/2025\/07\/15\/wissenschaftstalente-erkunden-the-laend-und-care-o-sene\/\" \/>\n<meta property=\"og:locale\" content=\"de_DE\" \/>\n<meta property=\"og:type\" content=\"article\" \/>\n<meta property=\"og:title\" content=\"Wissenschaftstalente erkunden THE L\u00c4ND und CARE-O-SENE - CARE-O-SENE\" \/>\n<meta property=\"og:description\" content=\"Wissenschaftstalente erkunden THE L\u00c4ND und CARE-O-SENE Eine internationale Gruppe von Nachwuchswissenschaftlern besuchte am 9. Juli 2025 das Institut f\u00fcr Katalyseforschung und -technologie (IKFT) am KIT im Rahmen einer Wissenschaftstour durch Baden-W\u00fcrttemberg (THE L\u00c4ND) im Anschluss an die Nobelpreistr\u00e4gertagungen in Lindau. Die diesj\u00e4hrige Ausgabe dieses ber\u00fchmten Treffens war der Chemie gewidmet, mit einem besonderen Schwerpunkt auf [&hellip;]\" \/>\n<meta property=\"og:url\" content=\"https:\/\/care-o-sene.com\/de_de\/2025\/07\/15\/wissenschaftstalente-erkunden-the-laend-und-care-o-sene\/\" \/>\n<meta property=\"og:site_name\" content=\"CARE-O-SENE\" \/>\n<meta property=\"article:published_time\" content=\"2025-07-15T09:12:16+00:00\" \/>\n<meta property=\"article:modified_time\" content=\"2025-07-15T09:17:42+00:00\" \/>\n<meta property=\"og:image\" content=\"https:\/\/care-o-sene.com\/wp-content\/uploads\/Science-talents_COS.jpg\" \/>\n\t<meta property=\"og:image:width\" content=\"1920\" \/>\n\t<meta property=\"og:image:height\" content=\"1440\" \/>\n\t<meta property=\"og:image:type\" content=\"image\/jpeg\" \/>\n<meta name=\"author\" content=\"ORCA van Loon\" \/>\n<meta name=\"twitter:card\" content=\"summary_large_image\" \/>\n<meta name=\"twitter:label1\" content=\"Verfasst von\" \/>\n\t<meta name=\"twitter:data1\" content=\"ORCA van Loon\" \/>\n\t<meta name=\"twitter:label2\" content=\"Gesch\u00e4tzte Lesezeit\" \/>\n\t<meta name=\"twitter:data2\" content=\"2\u00a0Minuten\" \/>\n<script type=\"application\/ld+json\" class=\"yoast-schema-graph\">{\"@context\":\"https:\/\/schema.org\",\"@graph\":[{\"@type\":\"Article\",\"@id\":\"https:\/\/care-o-sene.com\/en\/2025\/07\/15\/wissenschaftstalente-erkunden-the-laend-und-care-o-sene\/#article\",\"isPartOf\":{\"@id\":\"https:\/\/care-o-sene.com\/en\/2025\/07\/15\/wissenschaftstalente-erkunden-the-laend-und-care-o-sene\/\"},\"author\":{\"name\":\"ORCA van Loon\",\"@id\":\"https:\/\/care-o-sene.com\/#\/schema\/person\/e1b9cc05f42ac3c1f7be5ff4d5e04832\"},\"headline\":\"Wissenschaftstalente erkunden THE L\u00c4ND und CARE-O-SENE\",\"datePublished\":\"2025-07-15T09:12:16+00:00\",\"dateModified\":\"2025-07-15T09:17:42+00:00\",\"mainEntityOfPage\":{\"@id\":\"https:\/\/care-o-sene.com\/en\/2025\/07\/15\/wissenschaftstalente-erkunden-the-laend-und-care-o-sene\/\"},\"wordCount\":225,\"commentCount\":0,\"publisher\":{\"@id\":\"https:\/\/care-o-sene.com\/#organization\"},\"image\":{\"@id\":\"https:\/\/care-o-sene.com\/en\/2025\/07\/15\/wissenschaftstalente-erkunden-the-laend-und-care-o-sene\/#primaryimage\"},\"thumbnailUrl\":\"https:\/\/care-o-sene.com\/wp-content\/uploads\/Science-talents_COS.jpg\",\"articleSection\":[\"Uncategorized\"],\"inLanguage\":\"de\",\"potentialAction\":[{\"@type\":\"CommentAction\",\"name\":\"Comment\",\"target\":[\"https:\/\/care-o-sene.com\/en\/2025\/07\/15\/wissenschaftstalente-erkunden-the-laend-und-care-o-sene\/#respond\"]}]},{\"@type\":\"WebPage\",\"@id\":\"https:\/\/care-o-sene.com\/en\/2025\/07\/15\/wissenschaftstalente-erkunden-the-laend-und-care-o-sene\/\",\"url\":\"https:\/\/care-o-sene.com\/en\/2025\/07\/15\/wissenschaftstalente-erkunden-the-laend-und-care-o-sene\/\",\"name\":\"Wissenschaftstalente erkunden THE L\u00c4ND und CARE-O-SENE - CARE-O-SENE\",\"isPartOf\":{\"@id\":\"https:\/\/care-o-sene.com\/#website\"},\"primaryImageOfPage\":{\"@id\":\"https:\/\/care-o-sene.com\/en\/2025\/07\/15\/wissenschaftstalente-erkunden-the-laend-und-care-o-sene\/#primaryimage\"},\"image\":{\"@id\":\"https:\/\/care-o-sene.com\/en\/2025\/07\/15\/wissenschaftstalente-erkunden-the-laend-und-care-o-sene\/#primaryimage\"},\"thumbnailUrl\":\"https:\/\/care-o-sene.com\/wp-content\/uploads\/Science-talents_COS.jpg\",\"datePublished\":\"2025-07-15T09:12:16+00:00\",\"dateModified\":\"2025-07-15T09:17:42+00:00\",\"breadcrumb\":{\"@id\":\"https:\/\/care-o-sene.com\/en\/2025\/07\/15\/wissenschaftstalente-erkunden-the-laend-und-care-o-sene\/#breadcrumb\"},\"inLanguage\":\"de\",\"potentialAction\":[{\"@type\":\"ReadAction\",\"target\":[\"https:\/\/care-o-sene.com\/en\/2025\/07\/15\/wissenschaftstalente-erkunden-the-laend-und-care-o-sene\/\"]}]},{\"@type\":\"ImageObject\",\"inLanguage\":\"de\",\"@id\":\"https:\/\/care-o-sene.com\/en\/2025\/07\/15\/wissenschaftstalente-erkunden-the-laend-und-care-o-sene\/#primaryimage\",\"url\":\"https:\/\/care-o-sene.com\/wp-content\/uploads\/Science-talents_COS.jpg\",\"contentUrl\":\"https:\/\/care-o-sene.com\/wp-content\/uploads\/Science-talents_COS.jpg\",\"width\":1920,\"height\":1440},{\"@type\":\"BreadcrumbList\",\"@id\":\"https:\/\/care-o-sene.com\/en\/2025\/07\/15\/wissenschaftstalente-erkunden-the-laend-und-care-o-sene\/#breadcrumb\",\"itemListElement\":[{\"@type\":\"ListItem\",\"position\":1,\"name\":\"Startseite\",\"item\":\"https:\/\/care-o-sene.com\/\"},{\"@type\":\"ListItem\",\"position\":2,\"name\":\"Wissenschaftstalente erkunden THE L\u00c4ND und CARE-O-SENE\"}]},{\"@type\":\"WebSite\",\"@id\":\"https:\/\/care-o-sene.com\/#website\",\"url\":\"https:\/\/care-o-sene.com\/\",\"name\":\"CARE-O-SENE\",\"description\":\"Catalyst Research for Sustainable Kerosene\",\"publisher\":{\"@id\":\"https:\/\/care-o-sene.com\/#organization\"},\"potentialAction\":[{\"@type\":\"SearchAction\",\"target\":{\"@type\":\"EntryPoint\",\"urlTemplate\":\"https:\/\/care-o-sene.com\/?s={search_term_string}\"},\"query-input\":{\"@type\":\"PropertyValueSpecification\",\"valueRequired\":true,\"valueName\":\"search_term_string\"}}],\"inLanguage\":\"de\"},{\"@type\":\"Organization\",\"@id\":\"https:\/\/care-o-sene.com\/#organization\",\"name\":\"CARE-O-SENE\",\"url\":\"https:\/\/care-o-sene.com\/\",\"logo\":{\"@type\":\"ImageObject\",\"inLanguage\":\"de\",\"@id\":\"https:\/\/care-o-sene.com\/#\/schema\/logo\/image\/\",\"url\":\"https:\/\/care-o-sene.com\/wp-content\/uploads\/favicon-1.png\",\"contentUrl\":\"https:\/\/care-o-sene.com\/wp-content\/uploads\/favicon-1.png\",\"width\":383,\"height\":389,\"caption\":\"CARE-O-SENE\"},\"image\":{\"@id\":\"https:\/\/care-o-sene.com\/#\/schema\/logo\/image\/\"}},{\"@type\":\"Person\",\"@id\":\"https:\/\/care-o-sene.com\/#\/schema\/person\/e1b9cc05f42ac3c1f7be5ff4d5e04832\",\"name\":\"ORCA van Loon\",\"image\":{\"@type\":\"ImageObject\",\"inLanguage\":\"de\",\"@id\":\"https:\/\/care-o-sene.com\/#\/schema\/person\/image\/\",\"url\":\"https:\/\/secure.gravatar.com\/avatar\/8eb7842d608afc1953c086884470931aa993fcc6d189db48d359fdd7a5630ce2?s=96&d=mm&r=g\",\"contentUrl\":\"https:\/\/secure.gravatar.com\/avatar\/8eb7842d608afc1953c086884470931aa993fcc6d189db48d359fdd7a5630ce2?s=96&d=mm&r=g\",\"caption\":\"ORCA van Loon\"},\"url\":\"https:\/\/care-o-sene.com\/de_de\/author\/orca-van-loon\/\"}]}<\/script>\n<!-- \/ Yoast SEO plugin. -->",
    "yoast_head_json": {
        "title": "Wissenschaftstalente erkunden THE L\u00c4ND und CARE-O-SENE - CARE-O-SENE",
        "robots": {
            "index": "index",
            "follow": "follow",
            "max-snippet": "max-snippet:-1",
            "max-image-preview": "max-image-preview:large",
            "max-video-preview": "max-video-preview:-1"
        },
        "canonical": "https:\/\/care-o-sene.com\/de_de\/2025\/07\/15\/wissenschaftstalente-erkunden-the-laend-und-care-o-sene\/",
        "og_locale": "de_DE",
        "og_type": "article",
        "og_title": "Wissenschaftstalente erkunden THE L\u00c4ND und CARE-O-SENE - CARE-O-SENE",
        "og_description": "Wissenschaftstalente erkunden THE L\u00c4ND und CARE-O-SENE Eine internationale Gruppe von Nachwuchswissenschaftlern besuchte am 9. Juli 2025 das Institut f\u00fcr Katalyseforschung und -technologie (IKFT) am KIT im Rahmen einer Wissenschaftstour durch Baden-W\u00fcrttemberg (THE L\u00c4ND) im Anschluss an die Nobelpreistr\u00e4gertagungen in Lindau. Die diesj\u00e4hrige Ausgabe dieses ber\u00fchmten Treffens war der Chemie gewidmet, mit einem besonderen Schwerpunkt auf [&hellip;]",
        "og_url": "https:\/\/care-o-sene.com\/de_de\/2025\/07\/15\/wissenschaftstalente-erkunden-the-laend-und-care-o-sene\/",
        "og_site_name": "CARE-O-SENE",
        "article_published_time": "2025-07-15T09:12:16+00:00",
        "article_modified_time": "2025-07-15T09:17:42+00:00",
        "og_image": [
            {
                "width": 1920,
                "height": 1440,
                "url": "https:\/\/care-o-sene.com\/wp-content\/uploads\/Science-talents_COS.jpg",
                "type": "image\/jpeg"
            }
        ],
        "author": "ORCA van Loon",
        "twitter_card": "summary_large_image",
        "twitter_misc": {
            "Verfasst von": "ORCA van Loon",
            "Gesch\u00e4tzte Lesezeit": "2\u00a0Minuten"
        },
        "schema": {
            "@context": "https:\/\/schema.org",
            "@graph": [
                {
                    "@type": "Article",
                    "@id": "https:\/\/care-o-sene.com\/en\/2025\/07\/15\/wissenschaftstalente-erkunden-the-laend-und-care-o-sene\/#article",
                    "isPartOf": {
                        "@id": "https:\/\/care-o-sene.com\/en\/2025\/07\/15\/wissenschaftstalente-erkunden-the-laend-und-care-o-sene\/"
                    },
                    "author": {
                        "name": "ORCA van Loon",
                        "@id": "https:\/\/care-o-sene.com\/#\/schema\/person\/e1b9cc05f42ac3c1f7be5ff4d5e04832"
                    },
                    "headline": "Wissenschaftstalente erkunden THE L\u00c4ND und CARE-O-SENE",
                    "datePublished": "2025-07-15T09:12:16+00:00",
                    "dateModified": "2025-07-15T09:17:42+00:00",
                    "mainEntityOfPage": {
                        "@id": "https:\/\/care-o-sene.com\/en\/2025\/07\/15\/wissenschaftstalente-erkunden-the-laend-und-care-o-sene\/"
                    },
                    "wordCount": 225,
                    "commentCount": 0,
                    "publisher": {
                        "@id": "https:\/\/care-o-sene.com\/#organization"
                    },
                    "image": {
                        "@id": "https:\/\/care-o-sene.com\/en\/2025\/07\/15\/wissenschaftstalente-erkunden-the-laend-und-care-o-sene\/#primaryimage"
                    },
                    "thumbnailUrl": "https:\/\/care-o-sene.com\/wp-content\/uploads\/Science-talents_COS.jpg",
                    "articleSection": [
                        "Uncategorized"
                    ],
                    "inLanguage": "de",
                    "potentialAction": [
                        {
                            "@type": "CommentAction",
                            "name": "Comment",
                            "target": [
                                "https:\/\/care-o-sene.com\/en\/2025\/07\/15\/wissenschaftstalente-erkunden-the-laend-und-care-o-sene\/#respond"
                            ]
                        }
                    ]
                },
                {
                    "@type": "WebPage",
                    "@id": "https:\/\/care-o-sene.com\/en\/2025\/07\/15\/wissenschaftstalente-erkunden-the-laend-und-care-o-sene\/",
                    "url": "https:\/\/care-o-sene.com\/en\/2025\/07\/15\/wissenschaftstalente-erkunden-the-laend-und-care-o-sene\/",
                    "name": "Wissenschaftstalente erkunden THE L\u00c4ND und CARE-O-SENE - CARE-O-SENE",
                    "isPartOf": {
                        "@id": "https:\/\/care-o-sene.com\/#website"
                    },
                    "primaryImageOfPage": {
                        "@id": "https:\/\/care-o-sene.com\/en\/2025\/07\/15\/wissenschaftstalente-erkunden-the-laend-und-care-o-sene\/#primaryimage"
                    },
                    "image": {
                        "@id": "https:\/\/care-o-sene.com\/en\/2025\/07\/15\/wissenschaftstalente-erkunden-the-laend-und-care-o-sene\/#primaryimage"
                    },
                    "thumbnailUrl": "https:\/\/care-o-sene.com\/wp-content\/uploads\/Science-talents_COS.jpg",
                    "datePublished": "2025-07-15T09:12:16+00:00",
                    "dateModified": "2025-07-15T09:17:42+00:00",
                    "breadcrumb": {
                        "@id": "https:\/\/care-o-sene.com\/en\/2025\/07\/15\/wissenschaftstalente-erkunden-the-laend-und-care-o-sene\/#breadcrumb"
                    },
                    "inLanguage": "de",
                    "potentialAction": [
                        {
                            "@type": "ReadAction",
                            "target": [
                                "https:\/\/care-o-sene.com\/en\/2025\/07\/15\/wissenschaftstalente-erkunden-the-laend-und-care-o-sene\/"
                            ]
                        }
                    ]
                },
                {
                    "@type": "ImageObject",
                    "inLanguage": "de",
                    "@id": "https:\/\/care-o-sene.com\/en\/2025\/07\/15\/wissenschaftstalente-erkunden-the-laend-und-care-o-sene\/#primaryimage",
                    "url": "https:\/\/care-o-sene.com\/wp-content\/uploads\/Science-talents_COS.jpg",
                    "contentUrl": "https:\/\/care-o-sene.com\/wp-content\/uploads\/Science-talents_COS.jpg",
                    "width": 1920,
                    "height": 1440
                },
                {
                    "@type": "BreadcrumbList",
                    "@id": "https:\/\/care-o-sene.com\/en\/2025\/07\/15\/wissenschaftstalente-erkunden-the-laend-und-care-o-sene\/#breadcrumb",
                    "itemListElement": [
                        {
                            "@type": "ListItem",
                            "position": 1,
                            "name": "Startseite",
                            "item": "https:\/\/care-o-sene.com\/"
                        },
                        {
                            "@type": "ListItem",
                            "position": 2,
                            "name": "Wissenschaftstalente erkunden THE L\u00c4ND und CARE-O-SENE"
                        }
                    ]
                },
                {
                    "@type": "WebSite",
                    "@id": "https:\/\/care-o-sene.com\/#website",
                    "url": "https:\/\/care-o-sene.com\/",
                    "name": "CARE-O-SENE",
                    "description": "Catalyst Research for Sustainable Kerosene",
                    "publisher": {
                        "@id": "https:\/\/care-o-sene.com\/#organization"
                    },
                    "potentialAction": [
                        {
                            "@type": "SearchAction",
                            "target": {
                                "@type": "EntryPoint",
                                "urlTemplate": "https:\/\/care-o-sene.com\/?s={search_term_string}"
                            },
                            "query-input": {
                                "@type": "PropertyValueSpecification",
                                "valueRequired": true,
                                "valueName": "search_term_string"
                            }
                        }
                    ],
                    "inLanguage": "de"
                },
                {
                    "@type": "Organization",
                    "@id": "https:\/\/care-o-sene.com\/#organization",
                    "name": "CARE-O-SENE",
                    "url": "https:\/\/care-o-sene.com\/",
                    "logo": {
                        "@type": "ImageObject",
                        "inLanguage": "de",
                        "@id": "https:\/\/care-o-sene.com\/#\/schema\/logo\/image\/",
                        "url": "https:\/\/care-o-sene.com\/wp-content\/uploads\/favicon-1.png",
                        "contentUrl": "https:\/\/care-o-sene.com\/wp-content\/uploads\/favicon-1.png",
                        "width": 383,
                        "height": 389,
                        "caption": "CARE-O-SENE"
                    },
                    "image": {
                        "@id": "https:\/\/care-o-sene.com\/#\/schema\/logo\/image\/"
                    }
                },
                {
                    "@type": "Person",
                    "@id": "https:\/\/care-o-sene.com\/#\/schema\/person\/e1b9cc05f42ac3c1f7be5ff4d5e04832",
                    "name": "ORCA van Loon",
                    "image": {
                        "@type": "ImageObject",
                        "inLanguage": "de",
                        "@id": "https:\/\/care-o-sene.com\/#\/schema\/person\/image\/",
                        "url": "https:\/\/secure.gravatar.com\/avatar\/8eb7842d608afc1953c086884470931aa993fcc6d189db48d359fdd7a5630ce2?s=96&d=mm&r=g",
                        "contentUrl": "https:\/\/secure.gravatar.com\/avatar\/8eb7842d608afc1953c086884470931aa993fcc6d189db48d359fdd7a5630ce2?s=96&d=mm&r=g",
                        "caption": "ORCA van Loon"
                    },
                    "url": "https:\/\/care-o-sene.com\/de_de\/author\/orca-van-loon\/"
                }
            ]
        }
    },
    "_links": {
        "self": [
            {
                "href": "https:\/\/care-o-sene.com\/de_de\/wp-json\/wp\/v2\/posts\/4136",
                "targetHints": {
                    "allow": [
                        "GET"
                    ]
                }
            }
        ],
        "collection": [
            {
                "href": "https:\/\/care-o-sene.com\/de_de\/wp-json\/wp\/v2\/posts"
            }
        ],
        "about": [
            {
                "href": "https:\/\/care-o-sene.com\/de_de\/wp-json\/wp\/v2\/types\/post"
            }
        ],
        "author": [
            {
                "embeddable": true,
                "href": "https:\/\/care-o-sene.com\/de_de\/wp-json\/wp\/v2\/users\/6"
            }
        ],
        "replies": [
            {
                "embeddable": true,
                "href": "https:\/\/care-o-sene.com\/de_de\/wp-json\/wp\/v2\/comments?post=4136"
            }
        ],
        "version-history": [
            {
                "count": 8,
                "href": "https:\/\/care-o-sene.com\/de_de\/wp-json\/wp\/v2\/posts\/4136\/revisions"
            }
        ],
        "predecessor-version": [
            {
                "id": 4145,
                "href": "https:\/\/care-o-sene.com\/de_de\/wp-json\/wp\/v2\/posts\/4136\/revisions\/4145"
            }
        ],
        "wp:featuredmedia": [
            {
                "embeddable": true,
                "href": "https:\/\/care-o-sene.com\/de_de\/wp-json\/wp\/v2\/media\/4138"
            }
        ],
        "wp:attachment": [
            {
                "href": "https:\/\/care-o-sene.com\/de_de\/wp-json\/wp\/v2\/media?parent=4136"
            }
        ],
        "wp:term": [
            {
                "taxonomy": "category",
                "embeddable": true,
                "href": "https:\/\/care-o-sene.com\/de_de\/wp-json\/wp\/v2\/categories?post=4136"
            },
            {
                "taxonomy": "post_tag",
                "embeddable": true,
                "href": "https:\/\/care-o-sene.com\/de_de\/wp-json\/wp\/v2\/tags?post=4136"
            }
        ],
        "curies": [
            {
                "name": "wp",
                "href": "https:\/\/api.w.org\/{rel}",
                "templated": true
            }
        ]
    }
}