{
    "id": 4238,
    "date": "2025-09-04T15:48:39",
    "date_gmt": "2025-09-04T13:48:39",
    "guid": {
        "rendered": "https:\/\/care-o-sene.com\/?p=4238"
    },
    "modified": "2025-09-08T13:52:05",
    "modified_gmt": "2025-09-08T11:52:05",
    "slug": "dr-angela-siegel-uebernimmt-von-dr-dirk-schaer-die-co-leitung-von-care-o-sene",
    "status": "publish",
    "type": "post",
    "link": "https:\/\/care-o-sene.com\/de_de\/2025\/09\/04\/dr-angela-siegel-uebernimmt-von-dr-dirk-schaer-die-co-leitung-von-care-o-sene\/",
    "title": {
        "rendered": "Dr. Angela Siegel \u00fcbernimmt von Dr. Dirk Sch\u00e4r die Co-Leitung von CARE-O-SENE"
    },
    "content": {
        "rendered": "<h2 class=\"wp-block-heading\">Dr. Angela Siegel \u00fcbernimmt von Dr. Dirk Sch\u00e4r die Co-Leitung von CARE-O-SENE<\/h2>\n\n\n\n<p>Seit 2022 leitete Dr. Dirk Sch\u00e4r von Sasol gemeinsam mit Dr. Tobias Sontheimer vom Helmholtz-Zentrum Berlin das Projekt CARE-O-SENE. Nachdem er eine neue Aufgabe im Bereich Sasol International Chemicals \u00fcbernommen hat, \u00fcbergibt er nun seine Verantwortung an seine Kollegin Dr. Angela Siegel.<\/p>\n\n\n\n<p>\u201eIch freue mich sehr, dass wir mit Angela Siegel eine hervorragende Nachfolgerin f\u00fcr die Co-Leitung gefunden haben\u201c, sagte Dr. Sch\u00e4r. \u201eSie ist eine \u00e4u\u00dferst erfahrene Katalysatorforscherin und hat bereits eine zentrale Rolle im Konsortium gespielt, insbesondere bei der Entwicklung neuer Katalysatortr\u00e4ger. Ich bin \u00fcberzeugt, dass sie das Projekt mit dem gleichen Engagement und der gleichen Freude weiterf\u00fchren wird, die f\u00fcr mich in den vergangenen drei Jahren pr\u00e4gend waren.\u201c<\/p>\n\n\n\n<p>Dr. Siegel ist seit mehr als sieben Jahren am Sasol-Standort Brunsb\u00fcttel t\u00e4tig, wo sie die Forschung und Entwicklung f\u00fcr Katalysatortr\u00e4ger leitet. Im Rahmen von CARE-O-SENE bringt sie ihr Fachwissen in die Entwicklung innovativer Tr\u00e4gersysteme ein und fungiert als Ansprechpartnerin vor Ort. Mit ihrer Expertise in aluminiumbasierten Katalysatortr\u00e4gern sowie ihrer fr\u00fcheren T\u00e4tigkeit bei BASF\/Engelhard ist sie bestens aufgestellt, um die Mission des Projekts voranzutreiben: die Optimierung von Katalysatortr\u00e4gern zur Herstellung nachhaltiger Flugkraftstoffe.<\/p>\n\n\n\n<p>Zu ihrer neuen Aufgabe erkl\u00e4rte Dr. Siegel: \u201eIch freue mich darauf, diese Verantwortung zu \u00fcbernehmen und ein so wichtiges Projekt weiter voranzubringen. Katalysatortr\u00e4ger m\u00f6gen oft unscheinbar wirken, doch sie sind das Fundament vieler chemischer Prozesse \u2013 und im Rahmen von CARE-O-SENE spielen sie eine entscheidende Rolle, wenn es darum geht, nachhaltige Flugkraftstoffe Realit\u00e4t werden zu lassen.\u201c<\/p>\n\n\n\n<p>Dr. Sch\u00e4r betonte, dass er mit etwas Wehmut geht: \u201eCARE-O-SENE hat mir viel Freude bereitet, und ich bin dankbar, dass ich die Gelegenheit hatte, mit so vielen hoch talentierten Menschen zusammenzuarbeiten.\u201c Das Konsortium bedankt sich herzlich f\u00fcr sein gro\u00dfes Engagement. Dr. Sch\u00e4r wird die Entwicklungen im Bereich Sustainable Aviation Fuels (SAF) weiterhin aufmerksam verfolgen und CARE-O-SENE k\u00fcnftig als Senior Consultant unterst\u00fctzen.<\/p>\n\n\n\n<div style=\"height:100px\" aria-hidden=\"true\" class=\"wp-block-spacer\"><\/div>\n\n\n<div class=\"wp-block-image\">\n<figure class=\"aligncenter size-medium is-resized\"><img fetchpriority=\"high\" decoding=\"async\" width=\"300\" height=\"225\" src=\"https:\/\/care-o-sene.com\/wp-content\/uploads\/DIRK-ANGELA-DUETT-300x225.jpg\" alt=\"\" class=\"wp-image-4239\" style=\"width:700px\" srcset=\"https:\/\/care-o-sene.com\/wp-content\/uploads\/DIRK-ANGELA-DUETT-300x225.jpg 300w, https:\/\/care-o-sene.com\/wp-content\/uploads\/DIRK-ANGELA-DUETT-1024x768.jpg 1024w, https:\/\/care-o-sene.com\/wp-content\/uploads\/DIRK-ANGELA-DUETT-768x576.jpg 768w, https:\/\/care-o-sene.com\/wp-content\/uploads\/DIRK-ANGELA-DUETT-16x12.jpg 16w, https:\/\/care-o-sene.com\/wp-content\/uploads\/DIRK-ANGELA-DUETT.jpg 1280w\" sizes=\"(max-width: 300px) 100vw, 300px\" \/><\/figure>\n<\/div>\n\n\n<div style=\"height:100px\" aria-hidden=\"true\" class=\"wp-block-spacer\"><\/div>",
        "protected": false
    },
    "excerpt": {
        "rendered": "<p>Dr. Angela Siegel \u00fcbernimmt von Dr. Dirk Sch\u00e4r die Co-Leitung von CARE-O-SENE Seit 2022 leitete Dr. Dirk Sch\u00e4r von Sasol gemeinsam mit Dr. Tobias Sontheimer vom Helmholtz-Zentrum Berlin das Projekt CARE-O-SENE. Nachdem er eine neue Aufgabe im Bereich Sasol International Chemicals \u00fcbernommen hat, \u00fcbergibt er nun seine Verantwortung an seine Kollegin Dr. Angela Siegel. \u201eIch [&hellip;]<\/p>",
        "protected": false
    },
    "author": 6,
    "featured_media": 758,
    "comment_status": "open",
    "ping_status": "open",
    "sticky": false,
    "template": "",
    "format": "standard",
    "meta": {
        "_acf_changed": false,
        "footnotes": ""
    },
    "categories": [
        1
    ],
    "tags": [],
    "class_list": [
        "post-4238",
        "post",
        "type-post",
        "status-publish",
        "format-standard",
        "has-post-thumbnail",
        "hentry",
        "category-uncategorized"
    ],
    "acf": [],
    "yoast_head": "<!-- This site is optimized with the Yoast SEO plugin v25.8 - https:\/\/yoast.com\/wordpress\/plugins\/seo\/ -->\n<title>Dr. Angela Siegel \u00fcbernimmt von Dr. Dirk Sch\u00e4r die Co-Leitung von CARE-O-SENE - CARE-O-SENE<\/title>\n<meta name=\"robots\" content=\"index, follow, max-snippet:-1, max-image-preview:large, max-video-preview:-1\" \/>\n<link rel=\"canonical\" href=\"https:\/\/care-o-sene.com\/de_de\/2025\/09\/04\/dr-angela-siegel-uebernimmt-von-dr-dirk-schaer-die-co-leitung-von-care-o-sene\/\" \/>\n<meta property=\"og:locale\" content=\"de_DE\" \/>\n<meta property=\"og:type\" content=\"article\" \/>\n<meta property=\"og:title\" content=\"Dr. Angela Siegel \u00fcbernimmt von Dr. Dirk Sch\u00e4r die Co-Leitung von CARE-O-SENE - CARE-O-SENE\" \/>\n<meta property=\"og:description\" content=\"Dr. Angela Siegel \u00fcbernimmt von Dr. Dirk Sch\u00e4r die Co-Leitung von CARE-O-SENE Seit 2022 leitete Dr. Dirk Sch\u00e4r von Sasol gemeinsam mit Dr. Tobias Sontheimer vom Helmholtz-Zentrum Berlin das Projekt CARE-O-SENE. Nachdem er eine neue Aufgabe im Bereich Sasol International Chemicals \u00fcbernommen hat, \u00fcbergibt er nun seine Verantwortung an seine Kollegin Dr. Angela Siegel. \u201eIch [&hellip;]\" \/>\n<meta property=\"og:url\" content=\"https:\/\/care-o-sene.com\/de_de\/2025\/09\/04\/dr-angela-siegel-uebernimmt-von-dr-dirk-schaer-die-co-leitung-von-care-o-sene\/\" \/>\n<meta property=\"og:site_name\" content=\"CARE-O-SENE\" \/>\n<meta property=\"article:published_time\" content=\"2025-09-04T13:48:39+00:00\" \/>\n<meta property=\"article:modified_time\" content=\"2025-09-08T11:52:05+00:00\" \/>\n<meta property=\"og:image\" content=\"https:\/\/care-o-sene.com\/wp-content\/uploads\/AdobeStock_312524736-passengers-airplane_small.jpg\" \/>\n\t<meta property=\"og:image:width\" content=\"1920\" \/>\n\t<meta property=\"og:image:height\" content=\"1280\" \/>\n\t<meta property=\"og:image:type\" content=\"image\/jpeg\" \/>\n<meta name=\"author\" content=\"ORCA van Loon\" \/>\n<meta name=\"twitter:card\" content=\"summary_large_image\" \/>\n<meta name=\"twitter:label1\" content=\"Verfasst von\" \/>\n\t<meta name=\"twitter:data1\" content=\"ORCA van Loon\" \/>\n\t<meta name=\"twitter:label2\" content=\"Gesch\u00e4tzte Lesezeit\" \/>\n\t<meta name=\"twitter:data2\" content=\"3\u00a0Minuten\" \/>\n<script type=\"application\/ld+json\" class=\"yoast-schema-graph\">{\"@context\":\"https:\/\/schema.org\",\"@graph\":[{\"@type\":\"Article\",\"@id\":\"https:\/\/care-o-sene.com\/2025\/09\/04\/dr-angela-siegel-uebernimmt-von-dr-dirk-schaer-die-co-leitung-von-care-o-sene\/#article\",\"isPartOf\":{\"@id\":\"https:\/\/care-o-sene.com\/2025\/09\/04\/dr-angela-siegel-uebernimmt-von-dr-dirk-schaer-die-co-leitung-von-care-o-sene\/\"},\"author\":{\"name\":\"ORCA van Loon\",\"@id\":\"https:\/\/care-o-sene.com\/#\/schema\/person\/e1b9cc05f42ac3c1f7be5ff4d5e04832\"},\"headline\":\"Dr. Angela Siegel \u00fcbernimmt von Dr. Dirk Sch\u00e4r die Co-Leitung von CARE-O-SENE\",\"datePublished\":\"2025-09-04T13:48:39+00:00\",\"dateModified\":\"2025-09-08T11:52:05+00:00\",\"mainEntityOfPage\":{\"@id\":\"https:\/\/care-o-sene.com\/2025\/09\/04\/dr-angela-siegel-uebernimmt-von-dr-dirk-schaer-die-co-leitung-von-care-o-sene\/\"},\"wordCount\":350,\"commentCount\":0,\"publisher\":{\"@id\":\"https:\/\/care-o-sene.com\/#organization\"},\"image\":{\"@id\":\"https:\/\/care-o-sene.com\/2025\/09\/04\/dr-angela-siegel-uebernimmt-von-dr-dirk-schaer-die-co-leitung-von-care-o-sene\/#primaryimage\"},\"thumbnailUrl\":\"https:\/\/care-o-sene.com\/wp-content\/uploads\/AdobeStock_312524736-passengers-airplane_small.jpg\",\"articleSection\":[\"Uncategorized\"],\"inLanguage\":\"de\",\"potentialAction\":[{\"@type\":\"CommentAction\",\"name\":\"Comment\",\"target\":[\"https:\/\/care-o-sene.com\/2025\/09\/04\/dr-angela-siegel-uebernimmt-von-dr-dirk-schaer-die-co-leitung-von-care-o-sene\/#respond\"]}]},{\"@type\":\"WebPage\",\"@id\":\"https:\/\/care-o-sene.com\/2025\/09\/04\/dr-angela-siegel-uebernimmt-von-dr-dirk-schaer-die-co-leitung-von-care-o-sene\/\",\"url\":\"https:\/\/care-o-sene.com\/2025\/09\/04\/dr-angela-siegel-uebernimmt-von-dr-dirk-schaer-die-co-leitung-von-care-o-sene\/\",\"name\":\"Dr. Angela Siegel \u00fcbernimmt von Dr. Dirk Sch\u00e4r die Co-Leitung von CARE-O-SENE - CARE-O-SENE\",\"isPartOf\":{\"@id\":\"https:\/\/care-o-sene.com\/#website\"},\"primaryImageOfPage\":{\"@id\":\"https:\/\/care-o-sene.com\/2025\/09\/04\/dr-angela-siegel-uebernimmt-von-dr-dirk-schaer-die-co-leitung-von-care-o-sene\/#primaryimage\"},\"image\":{\"@id\":\"https:\/\/care-o-sene.com\/2025\/09\/04\/dr-angela-siegel-uebernimmt-von-dr-dirk-schaer-die-co-leitung-von-care-o-sene\/#primaryimage\"},\"thumbnailUrl\":\"https:\/\/care-o-sene.com\/wp-content\/uploads\/AdobeStock_312524736-passengers-airplane_small.jpg\",\"datePublished\":\"2025-09-04T13:48:39+00:00\",\"dateModified\":\"2025-09-08T11:52:05+00:00\",\"breadcrumb\":{\"@id\":\"https:\/\/care-o-sene.com\/2025\/09\/04\/dr-angela-siegel-uebernimmt-von-dr-dirk-schaer-die-co-leitung-von-care-o-sene\/#breadcrumb\"},\"inLanguage\":\"de\",\"potentialAction\":[{\"@type\":\"ReadAction\",\"target\":[\"https:\/\/care-o-sene.com\/2025\/09\/04\/dr-angela-siegel-uebernimmt-von-dr-dirk-schaer-die-co-leitung-von-care-o-sene\/\"]}]},{\"@type\":\"ImageObject\",\"inLanguage\":\"de\",\"@id\":\"https:\/\/care-o-sene.com\/2025\/09\/04\/dr-angela-siegel-uebernimmt-von-dr-dirk-schaer-die-co-leitung-von-care-o-sene\/#primaryimage\",\"url\":\"https:\/\/care-o-sene.com\/wp-content\/uploads\/AdobeStock_312524736-passengers-airplane_small.jpg\",\"contentUrl\":\"https:\/\/care-o-sene.com\/wp-content\/uploads\/AdobeStock_312524736-passengers-airplane_small.jpg\",\"width\":1920,\"height\":1280,\"caption\":\"Passenger airplane flying in the blue sky. Travel and vacation concept\"},{\"@type\":\"BreadcrumbList\",\"@id\":\"https:\/\/care-o-sene.com\/2025\/09\/04\/dr-angela-siegel-uebernimmt-von-dr-dirk-schaer-die-co-leitung-von-care-o-sene\/#breadcrumb\",\"itemListElement\":[{\"@type\":\"ListItem\",\"position\":1,\"name\":\"Startseite\",\"item\":\"https:\/\/care-o-sene.com\/\"},{\"@type\":\"ListItem\",\"position\":2,\"name\":\"Dr. Angela Siegel \u00fcbernimmt von Dr. Dirk Sch\u00e4r die Co-Leitung von CARE-O-SENE\"}]},{\"@type\":\"WebSite\",\"@id\":\"https:\/\/care-o-sene.com\/#website\",\"url\":\"https:\/\/care-o-sene.com\/\",\"name\":\"CARE-O-SENE\",\"description\":\"Catalyst Research for Sustainable Kerosene\",\"publisher\":{\"@id\":\"https:\/\/care-o-sene.com\/#organization\"},\"potentialAction\":[{\"@type\":\"SearchAction\",\"target\":{\"@type\":\"EntryPoint\",\"urlTemplate\":\"https:\/\/care-o-sene.com\/?s={search_term_string}\"},\"query-input\":{\"@type\":\"PropertyValueSpecification\",\"valueRequired\":true,\"valueName\":\"search_term_string\"}}],\"inLanguage\":\"de\"},{\"@type\":\"Organization\",\"@id\":\"https:\/\/care-o-sene.com\/#organization\",\"name\":\"CARE-O-SENE\",\"url\":\"https:\/\/care-o-sene.com\/\",\"logo\":{\"@type\":\"ImageObject\",\"inLanguage\":\"de\",\"@id\":\"https:\/\/care-o-sene.com\/#\/schema\/logo\/image\/\",\"url\":\"https:\/\/care-o-sene.com\/wp-content\/uploads\/favicon-1.png\",\"contentUrl\":\"https:\/\/care-o-sene.com\/wp-content\/uploads\/favicon-1.png\",\"width\":383,\"height\":389,\"caption\":\"CARE-O-SENE\"},\"image\":{\"@id\":\"https:\/\/care-o-sene.com\/#\/schema\/logo\/image\/\"}},{\"@type\":\"Person\",\"@id\":\"https:\/\/care-o-sene.com\/#\/schema\/person\/e1b9cc05f42ac3c1f7be5ff4d5e04832\",\"name\":\"ORCA van Loon\",\"image\":{\"@type\":\"ImageObject\",\"inLanguage\":\"de\",\"@id\":\"https:\/\/care-o-sene.com\/#\/schema\/person\/image\/\",\"url\":\"https:\/\/secure.gravatar.com\/avatar\/8eb7842d608afc1953c086884470931aa993fcc6d189db48d359fdd7a5630ce2?s=96&d=mm&r=g\",\"contentUrl\":\"https:\/\/secure.gravatar.com\/avatar\/8eb7842d608afc1953c086884470931aa993fcc6d189db48d359fdd7a5630ce2?s=96&d=mm&r=g\",\"caption\":\"ORCA van Loon\"},\"url\":\"https:\/\/care-o-sene.com\/de_de\/author\/orca-van-loon\/\"}]}<\/script>\n<!-- \/ Yoast SEO plugin. -->",
    "yoast_head_json": {
        "title": "Dr. Angela Siegel \u00fcbernimmt von Dr. Dirk Sch\u00e4r die Co-Leitung von CARE-O-SENE - CARE-O-SENE",
        "robots": {
            "index": "index",
            "follow": "follow",
            "max-snippet": "max-snippet:-1",
            "max-image-preview": "max-image-preview:large",
            "max-video-preview": "max-video-preview:-1"
        },
        "canonical": "https:\/\/care-o-sene.com\/de_de\/2025\/09\/04\/dr-angela-siegel-uebernimmt-von-dr-dirk-schaer-die-co-leitung-von-care-o-sene\/",
        "og_locale": "de_DE",
        "og_type": "article",
        "og_title": "Dr. Angela Siegel \u00fcbernimmt von Dr. Dirk Sch\u00e4r die Co-Leitung von CARE-O-SENE - CARE-O-SENE",
        "og_description": "Dr. Angela Siegel \u00fcbernimmt von Dr. Dirk Sch\u00e4r die Co-Leitung von CARE-O-SENE Seit 2022 leitete Dr. Dirk Sch\u00e4r von Sasol gemeinsam mit Dr. Tobias Sontheimer vom Helmholtz-Zentrum Berlin das Projekt CARE-O-SENE. Nachdem er eine neue Aufgabe im Bereich Sasol International Chemicals \u00fcbernommen hat, \u00fcbergibt er nun seine Verantwortung an seine Kollegin Dr. Angela Siegel. \u201eIch [&hellip;]",
        "og_url": "https:\/\/care-o-sene.com\/de_de\/2025\/09\/04\/dr-angela-siegel-uebernimmt-von-dr-dirk-schaer-die-co-leitung-von-care-o-sene\/",
        "og_site_name": "CARE-O-SENE",
        "article_published_time": "2025-09-04T13:48:39+00:00",
        "article_modified_time": "2025-09-08T11:52:05+00:00",
        "og_image": [
            {
                "width": 1920,
                "height": 1280,
                "url": "https:\/\/care-o-sene.com\/wp-content\/uploads\/AdobeStock_312524736-passengers-airplane_small.jpg",
                "type": "image\/jpeg"
            }
        ],
        "author": "ORCA van Loon",
        "twitter_card": "summary_large_image",
        "twitter_misc": {
            "Verfasst von": "ORCA van Loon",
            "Gesch\u00e4tzte Lesezeit": "3\u00a0Minuten"
        },
        "schema": {
            "@context": "https:\/\/schema.org",
            "@graph": [
                {
                    "@type": "Article",
                    "@id": "https:\/\/care-o-sene.com\/2025\/09\/04\/dr-angela-siegel-uebernimmt-von-dr-dirk-schaer-die-co-leitung-von-care-o-sene\/#article",
                    "isPartOf": {
                        "@id": "https:\/\/care-o-sene.com\/2025\/09\/04\/dr-angela-siegel-uebernimmt-von-dr-dirk-schaer-die-co-leitung-von-care-o-sene\/"
                    },
                    "author": {
                        "name": "ORCA van Loon",
                        "@id": "https:\/\/care-o-sene.com\/#\/schema\/person\/e1b9cc05f42ac3c1f7be5ff4d5e04832"
                    },
                    "headline": "Dr. Angela Siegel \u00fcbernimmt von Dr. Dirk Sch\u00e4r die Co-Leitung von CARE-O-SENE",
                    "datePublished": "2025-09-04T13:48:39+00:00",
                    "dateModified": "2025-09-08T11:52:05+00:00",
                    "mainEntityOfPage": {
                        "@id": "https:\/\/care-o-sene.com\/2025\/09\/04\/dr-angela-siegel-uebernimmt-von-dr-dirk-schaer-die-co-leitung-von-care-o-sene\/"
                    },
                    "wordCount": 350,
                    "commentCount": 0,
                    "publisher": {
                        "@id": "https:\/\/care-o-sene.com\/#organization"
                    },
                    "image": {
                        "@id": "https:\/\/care-o-sene.com\/2025\/09\/04\/dr-angela-siegel-uebernimmt-von-dr-dirk-schaer-die-co-leitung-von-care-o-sene\/#primaryimage"
                    },
                    "thumbnailUrl": "https:\/\/care-o-sene.com\/wp-content\/uploads\/AdobeStock_312524736-passengers-airplane_small.jpg",
                    "articleSection": [
                        "Uncategorized"
                    ],
                    "inLanguage": "de",
                    "potentialAction": [
                        {
                            "@type": "CommentAction",
                            "name": "Comment",
                            "target": [
                                "https:\/\/care-o-sene.com\/2025\/09\/04\/dr-angela-siegel-uebernimmt-von-dr-dirk-schaer-die-co-leitung-von-care-o-sene\/#respond"
                            ]
                        }
                    ]
                },
                {
                    "@type": "WebPage",
                    "@id": "https:\/\/care-o-sene.com\/2025\/09\/04\/dr-angela-siegel-uebernimmt-von-dr-dirk-schaer-die-co-leitung-von-care-o-sene\/",
                    "url": "https:\/\/care-o-sene.com\/2025\/09\/04\/dr-angela-siegel-uebernimmt-von-dr-dirk-schaer-die-co-leitung-von-care-o-sene\/",
                    "name": "Dr. Angela Siegel \u00fcbernimmt von Dr. Dirk Sch\u00e4r die Co-Leitung von CARE-O-SENE - CARE-O-SENE",
                    "isPartOf": {
                        "@id": "https:\/\/care-o-sene.com\/#website"
                    },
                    "primaryImageOfPage": {
                        "@id": "https:\/\/care-o-sene.com\/2025\/09\/04\/dr-angela-siegel-uebernimmt-von-dr-dirk-schaer-die-co-leitung-von-care-o-sene\/#primaryimage"
                    },
                    "image": {
                        "@id": "https:\/\/care-o-sene.com\/2025\/09\/04\/dr-angela-siegel-uebernimmt-von-dr-dirk-schaer-die-co-leitung-von-care-o-sene\/#primaryimage"
                    },
                    "thumbnailUrl": "https:\/\/care-o-sene.com\/wp-content\/uploads\/AdobeStock_312524736-passengers-airplane_small.jpg",
                    "datePublished": "2025-09-04T13:48:39+00:00",
                    "dateModified": "2025-09-08T11:52:05+00:00",
                    "breadcrumb": {
                        "@id": "https:\/\/care-o-sene.com\/2025\/09\/04\/dr-angela-siegel-uebernimmt-von-dr-dirk-schaer-die-co-leitung-von-care-o-sene\/#breadcrumb"
                    },
                    "inLanguage": "de",
                    "potentialAction": [
                        {
                            "@type": "ReadAction",
                            "target": [
                                "https:\/\/care-o-sene.com\/2025\/09\/04\/dr-angela-siegel-uebernimmt-von-dr-dirk-schaer-die-co-leitung-von-care-o-sene\/"
                            ]
                        }
                    ]
                },
                {
                    "@type": "ImageObject",
                    "inLanguage": "de",
                    "@id": "https:\/\/care-o-sene.com\/2025\/09\/04\/dr-angela-siegel-uebernimmt-von-dr-dirk-schaer-die-co-leitung-von-care-o-sene\/#primaryimage",
                    "url": "https:\/\/care-o-sene.com\/wp-content\/uploads\/AdobeStock_312524736-passengers-airplane_small.jpg",
                    "contentUrl": "https:\/\/care-o-sene.com\/wp-content\/uploads\/AdobeStock_312524736-passengers-airplane_small.jpg",
                    "width": 1920,
                    "height": 1280,
                    "caption": "Passenger airplane flying in the blue sky. Travel and vacation concept"
                },
                {
                    "@type": "BreadcrumbList",
                    "@id": "https:\/\/care-o-sene.com\/2025\/09\/04\/dr-angela-siegel-uebernimmt-von-dr-dirk-schaer-die-co-leitung-von-care-o-sene\/#breadcrumb",
                    "itemListElement": [
                        {
                            "@type": "ListItem",
                            "position": 1,
                            "name": "Startseite",
                            "item": "https:\/\/care-o-sene.com\/"
                        },
                        {
                            "@type": "ListItem",
                            "position": 2,
                            "name": "Dr. Angela Siegel \u00fcbernimmt von Dr. Dirk Sch\u00e4r die Co-Leitung von CARE-O-SENE"
                        }
                    ]
                },
                {
                    "@type": "WebSite",
                    "@id": "https:\/\/care-o-sene.com\/#website",
                    "url": "https:\/\/care-o-sene.com\/",
                    "name": "CARE-O-SENE",
                    "description": "Catalyst Research for Sustainable Kerosene",
                    "publisher": {
                        "@id": "https:\/\/care-o-sene.com\/#organization"
                    },
                    "potentialAction": [
                        {
                            "@type": "SearchAction",
                            "target": {
                                "@type": "EntryPoint",
                                "urlTemplate": "https:\/\/care-o-sene.com\/?s={search_term_string}"
                            },
                            "query-input": {
                                "@type": "PropertyValueSpecification",
                                "valueRequired": true,
                                "valueName": "search_term_string"
                            }
                        }
                    ],
                    "inLanguage": "de"
                },
                {
                    "@type": "Organization",
                    "@id": "https:\/\/care-o-sene.com\/#organization",
                    "name": "CARE-O-SENE",
                    "url": "https:\/\/care-o-sene.com\/",
                    "logo": {
                        "@type": "ImageObject",
                        "inLanguage": "de",
                        "@id": "https:\/\/care-o-sene.com\/#\/schema\/logo\/image\/",
                        "url": "https:\/\/care-o-sene.com\/wp-content\/uploads\/favicon-1.png",
                        "contentUrl": "https:\/\/care-o-sene.com\/wp-content\/uploads\/favicon-1.png",
                        "width": 383,
                        "height": 389,
                        "caption": "CARE-O-SENE"
                    },
                    "image": {
                        "@id": "https:\/\/care-o-sene.com\/#\/schema\/logo\/image\/"
                    }
                },
                {
                    "@type": "Person",
                    "@id": "https:\/\/care-o-sene.com\/#\/schema\/person\/e1b9cc05f42ac3c1f7be5ff4d5e04832",
                    "name": "ORCA van Loon",
                    "image": {
                        "@type": "ImageObject",
                        "inLanguage": "de",
                        "@id": "https:\/\/care-o-sene.com\/#\/schema\/person\/image\/",
                        "url": "https:\/\/secure.gravatar.com\/avatar\/8eb7842d608afc1953c086884470931aa993fcc6d189db48d359fdd7a5630ce2?s=96&d=mm&r=g",
                        "contentUrl": "https:\/\/secure.gravatar.com\/avatar\/8eb7842d608afc1953c086884470931aa993fcc6d189db48d359fdd7a5630ce2?s=96&d=mm&r=g",
                        "caption": "ORCA van Loon"
                    },
                    "url": "https:\/\/care-o-sene.com\/de_de\/author\/orca-van-loon\/"
                }
            ]
        }
    },
    "_links": {
        "self": [
            {
                "href": "https:\/\/care-o-sene.com\/de_de\/wp-json\/wp\/v2\/posts\/4238",
                "targetHints": {
                    "allow": [
                        "GET"
                    ]
                }
            }
        ],
        "collection": [
            {
                "href": "https:\/\/care-o-sene.com\/de_de\/wp-json\/wp\/v2\/posts"
            }
        ],
        "about": [
            {
                "href": "https:\/\/care-o-sene.com\/de_de\/wp-json\/wp\/v2\/types\/post"
            }
        ],
        "author": [
            {
                "embeddable": true,
                "href": "https:\/\/care-o-sene.com\/de_de\/wp-json\/wp\/v2\/users\/6"
            }
        ],
        "replies": [
            {
                "embeddable": true,
                "href": "https:\/\/care-o-sene.com\/de_de\/wp-json\/wp\/v2\/comments?post=4238"
            }
        ],
        "version-history": [
            {
                "count": 4,
                "href": "https:\/\/care-o-sene.com\/de_de\/wp-json\/wp\/v2\/posts\/4238\/revisions"
            }
        ],
        "predecessor-version": [
            {
                "id": 4245,
                "href": "https:\/\/care-o-sene.com\/de_de\/wp-json\/wp\/v2\/posts\/4238\/revisions\/4245"
            }
        ],
        "wp:featuredmedia": [
            {
                "embeddable": true,
                "href": "https:\/\/care-o-sene.com\/de_de\/wp-json\/wp\/v2\/media\/758"
            }
        ],
        "wp:attachment": [
            {
                "href": "https:\/\/care-o-sene.com\/de_de\/wp-json\/wp\/v2\/media?parent=4238"
            }
        ],
        "wp:term": [
            {
                "taxonomy": "category",
                "embeddable": true,
                "href": "https:\/\/care-o-sene.com\/de_de\/wp-json\/wp\/v2\/categories?post=4238"
            },
            {
                "taxonomy": "post_tag",
                "embeddable": true,
                "href": "https:\/\/care-o-sene.com\/de_de\/wp-json\/wp\/v2\/tags?post=4238"
            }
        ],
        "curies": [
            {
                "name": "wp",
                "href": "https:\/\/api.w.org\/{rel}",
                "templated": true
            }
        ]
    }
}