{
    "id": 4511,
    "date": "2026-01-20T14:01:50",
    "date_gmt": "2026-01-20T13:01:50",
    "guid": {
        "rendered": "https:\/\/care-o-sene.com\/?p=4511"
    },
    "modified": "2026-01-20T16:03:22",
    "modified_gmt": "2026-01-20T15:03:22",
    "slug": "care-o-sene-auf-dem-falling-walls-science-summit-2025-in-berlin",
    "status": "publish",
    "type": "post",
    "link": "https:\/\/care-o-sene.com\/de_de\/2026\/01\/20\/care-o-sene-auf-dem-falling-walls-science-summit-2025-in-berlin\/",
    "title": {
        "rendered": "CARE-O-SENE auf dem Falling Walls Science Summit 2025 in Berlin"
    },
    "content": {
        "rendered": "<div data-elementor-type=\"wp-post\" data-elementor-id=\"4511\" class=\"elementor elementor-4511\">\n\t\t\t\t\t\t<section class=\"elementor-section elementor-top-section elementor-element elementor-element-661e4e38 elementor-section-boxed elementor-section-height-default elementor-section-height-default\" data-id=\"661e4e38\" data-element_type=\"section\" data-settings=\"{&quot;jet_parallax_layout_list&quot;:[]}\">\n\t\t\t\t\t\t<div class=\"elementor-container elementor-column-gap-default\">\n\t\t\t\t\t<div class=\"elementor-column elementor-col-100 elementor-top-column elementor-element elementor-element-69b1e142\" data-id=\"69b1e142\" data-element_type=\"column\">\n\t\t\t<div class=\"elementor-widget-wrap elementor-element-populated\">\n\t\t\t\t\t\t<div class=\"elementor-element elementor-element-70036545 elementor-widget elementor-widget-text-editor\" data-id=\"70036545\" data-element_type=\"widget\" data-widget_type=\"text-editor.default\">\n\t\t\t\t<div class=\"elementor-widget-container\">\n\t\t\t\t\t\t\t<h2><strong>CARE-O-SENE auf dem Falling Walls Science Summit 2025 in Berlin<\/strong><\/h2>\n<p><!-- \/wp:heading --><!-- wp:paragraph --><\/p>\n<p><span style=\"text-align: justify; font-size: 1rem;\">W\u00e4hrend des Falling Walls Science Summit in Berlin am 9. November 2025 wurde CARE-O-SENE von Dr. Sven Godorr, Vizepr\u00e4sident f\u00fcr Technologiemanagement und Start-ups bei Sasol, vertreten. Der Gipfel versammelt Spitzenwissenschaftler*innen aus aller Welt, um ihre wissenschaftlichen Durchbr\u00fcche bei der Bew\u00e4ltigung globaler Herausforderungen auszutauschen.<\/span><\/p>\n<p style=\"text-align: justify;\">Unter dem Thema \u201eAfrikas Energiewende: Gerechte und globale Zusammenarbeit\u201c diskutierte Sven Godorr gemeinsam mit drei weiteren Podiumsteilnehmer*innen aus Wissenschaft, Industrie und Politik \u00fcber nachhaltige Wege zu gr\u00fcnen Kraftstoffen, die von Afrika und Europa gemeinsam entwickelt wurden. In der Diskussion sprach er \u00fcber den Erfolg des CARE-O-SENE-Projekts bei der gemeinsamen Entwicklung von Technologien mit der Wissenschaft und die Bedeutung der Komplementarit\u00e4t der Partner.<\/p>\n<p><span style=\"font-size: 12.0pt; line-height: 115%; font-family: 'Aptos',sans-serif; mso-ascii-theme-font: minor-latin; mso-fareast-font-family: Aptos; mso-fareast-theme-font: minor-latin; mso-hansi-theme-font: minor-latin; mso-bidi-font-family: 'Times New Roman'; mso-bidi-theme-font: minor-bidi; mso-ansi-language: DE; mso-fareast-language: EN-US; mso-bidi-language: AR-SA;\">Der Falling Walls Science Summit ist eine bedeutende interdisziplin\u00e4re Kooperations- und Networking-Veranstaltung, die jedes Jahr vom 7. bis 9. November Entscheidungstr\u00e4ger*innen, Vertreter*innen der Industrie, Wissenschaftler*innen, Nachwuchsforscher*innen und Journalist*innen anzieht. Die vollst\u00e4ndige Podiumsdiskussion ist&nbsp;<\/span><a style=\"text-align: justify; background-color: #ffffff; font-size: 1rem;\" href=\"https:\/\/www.youtube.com\/watch?v=cdpA6MoXWzU\" target=\"_blank\" rel=\"noopener\">hier <\/a>verf\u00fcgbar.&nbsp;<span style=\"text-align: justify; font-size: 1rem;\">Video und Bilder werden mit freundlicher Genehmigung der Falling Walls Foundation zur Verf\u00fcgung gestellt.<\/span><\/p>\n<p class=\"MsoNormal\" style=\"text-align: justify;\">\n<\/p><p><!-- \/wp:spacer --><\/p>\t\t\t\t\t\t<\/div>\n\t\t\t\t<\/div>\n\t\t\t\t\t<\/div>\n\t\t<\/div>\n\t\t\t\t\t<\/div>\n\t\t<\/section>\n\t\t\t\t<section class=\"elementor-section elementor-top-section elementor-element elementor-element-f3c437e elementor-section-boxed elementor-section-height-default elementor-section-height-default\" data-id=\"f3c437e\" data-element_type=\"section\" data-settings=\"{&quot;jet_parallax_layout_list&quot;:[]}\">\n\t\t\t\t\t\t<div class=\"elementor-container elementor-column-gap-default\">\n\t\t\t\t\t<div class=\"elementor-column elementor-col-100 elementor-top-column elementor-element elementor-element-ce38198\" data-id=\"ce38198\" data-element_type=\"column\">\n\t\t\t<div class=\"elementor-widget-wrap elementor-element-populated\">\n\t\t\t\t\t\t<div class=\"elementor-element elementor-element-6fa30ee elementor-widget elementor-widget-image\" data-id=\"6fa30ee\" data-element_type=\"widget\" data-widget_type=\"image.default\">\n\t\t\t\t<div class=\"elementor-widget-container\">\n\t\t\t\t\t\t\t\t\t\t<figure class=\"wp-caption\">\n\t\t\t\t\t\t\t\t\t\t<img fetchpriority=\"high\" decoding=\"async\" width=\"1024\" height=\"683\" src=\"https:\/\/care-o-sene.com\/wp-content\/uploads\/FW25_8_11_SUMMIT_PLENARY_TABLES_print_copyright_Falling_Walls_Foundation_Sebastian_Rau_133-1024x683.jpg\" class=\"attachment-large size-large wp-image-4514\" alt=\"\" srcset=\"https:\/\/care-o-sene.com\/wp-content\/uploads\/FW25_8_11_SUMMIT_PLENARY_TABLES_print_copyright_Falling_Walls_Foundation_Sebastian_Rau_133-1024x683.jpg 1024w, https:\/\/care-o-sene.com\/wp-content\/uploads\/FW25_8_11_SUMMIT_PLENARY_TABLES_print_copyright_Falling_Walls_Foundation_Sebastian_Rau_133-300x200.jpg 300w, https:\/\/care-o-sene.com\/wp-content\/uploads\/FW25_8_11_SUMMIT_PLENARY_TABLES_print_copyright_Falling_Walls_Foundation_Sebastian_Rau_133-768x512.jpg 768w, https:\/\/care-o-sene.com\/wp-content\/uploads\/FW25_8_11_SUMMIT_PLENARY_TABLES_print_copyright_Falling_Walls_Foundation_Sebastian_Rau_133-1536x1024.jpg 1536w, https:\/\/care-o-sene.com\/wp-content\/uploads\/FW25_8_11_SUMMIT_PLENARY_TABLES_print_copyright_Falling_Walls_Foundation_Sebastian_Rau_133-2048x1365.jpg 2048w, https:\/\/care-o-sene.com\/wp-content\/uploads\/FW25_8_11_SUMMIT_PLENARY_TABLES_print_copyright_Falling_Walls_Foundation_Sebastian_Rau_133-18x12.jpg 18w\" sizes=\"(max-width: 1024px) 100vw, 1024px\" \/>\t\t\t\t\t\t\t\t\t\t\t<figcaption class=\"widget-image-caption wp-caption-text\">Dr. Sven Godorr, Vizepr\u00e4sident f\u00fcr Technologiemanagement und Start-ups bei Sasol. Copyright: Falling Walls Foundation, Sebastian Rau<\/figcaption>\n\t\t\t\t\t\t\t\t\t\t<\/figure>\n\t\t\t\t\t\t\t<\/div>\n\t\t\t\t<\/div>\n\t\t\t\t\t<\/div>\n\t\t<\/div>\n\t\t\t\t\t<\/div>\n\t\t<\/section>\n\t\t\t\t<section class=\"elementor-section elementor-top-section elementor-element elementor-element-802ddd3 elementor-section-boxed elementor-section-height-default elementor-section-height-default\" data-id=\"802ddd3\" data-element_type=\"section\" data-settings=\"{&quot;jet_parallax_layout_list&quot;:[]}\">\n\t\t\t\t\t\t<div class=\"elementor-container elementor-column-gap-default\">\n\t\t\t\t\t<div class=\"elementor-column elementor-col-100 elementor-top-column elementor-element elementor-element-d3a0e7e\" data-id=\"d3a0e7e\" data-element_type=\"column\">\n\t\t\t<div class=\"elementor-widget-wrap elementor-element-populated\">\n\t\t\t\t\t\t<div class=\"elementor-element elementor-element-6f0c10d elementor-widget elementor-widget-spacer\" data-id=\"6f0c10d\" data-element_type=\"widget\" data-widget_type=\"spacer.default\">\n\t\t\t\t<div class=\"elementor-widget-container\">\n\t\t\t\t\t<div class=\"elementor-spacer\">\n\t\t\t<div class=\"elementor-spacer-inner\"><\/div>\n\t\t<\/div>\n\t\t\t\t<\/div>\n\t\t\t\t<\/div>\n\t\t\t\t\t<\/div>\n\t\t<\/div>\n\t\t\t\t\t<\/div>\n\t\t<\/section>\n\t\t\t\t<\/div>",
        "protected": false
    },
    "excerpt": {
        "rendered": "<p>CARE-O-SENE auf dem Falling Walls Science Summit 2025 in Berlin W\u00e4hrend des Falling Walls Science Summit in Berlin am 9. November 2025 wurde CARE-O-SENE von Dr. Sven Godorr, Vizepr\u00e4sident f\u00fcr Technologiemanagement und Start-ups bei Sasol, vertreten. Der Gipfel versammelt Spitzenwissenschaftler*innen aus aller Welt, um ihre wissenschaftlichen Durchbr\u00fcche bei der Bew\u00e4ltigung globaler Herausforderungen auszutauschen. Unter dem [&hellip;]<\/p>",
        "protected": false
    },
    "author": 3,
    "featured_media": 4513,
    "comment_status": "open",
    "ping_status": "open",
    "sticky": false,
    "template": "",
    "format": "standard",
    "meta": {
        "_acf_changed": false,
        "footnotes": ""
    },
    "categories": [
        1
    ],
    "tags": [],
    "class_list": [
        "post-4511",
        "post",
        "type-post",
        "status-publish",
        "format-standard",
        "has-post-thumbnail",
        "hentry",
        "category-uncategorized"
    ],
    "acf": [],
    "yoast_head": "<!-- This site is optimized with the Yoast SEO plugin v25.8 - https:\/\/yoast.com\/wordpress\/plugins\/seo\/ -->\n<title>CARE-O-SENE auf dem Falling Walls Science Summit 2025 in Berlin - CARE-O-SENE<\/title>\n<meta name=\"robots\" content=\"index, follow, max-snippet:-1, max-image-preview:large, max-video-preview:-1\" \/>\n<link rel=\"canonical\" href=\"https:\/\/care-o-sene.com\/de_de\/2026\/01\/20\/care-o-sene-auf-dem-falling-walls-science-summit-2025-in-berlin\/\" \/>\n<meta property=\"og:locale\" content=\"de_DE\" \/>\n<meta property=\"og:type\" content=\"article\" \/>\n<meta property=\"og:title\" content=\"CARE-O-SENE auf dem Falling Walls Science Summit 2025 in Berlin - CARE-O-SENE\" \/>\n<meta property=\"og:description\" content=\"CARE-O-SENE auf dem Falling Walls Science Summit 2025 in Berlin W\u00e4hrend des Falling Walls Science Summit in Berlin am 9. November 2025 wurde CARE-O-SENE von Dr. Sven Godorr, Vizepr\u00e4sident f\u00fcr Technologiemanagement und Start-ups bei Sasol, vertreten. Der Gipfel versammelt Spitzenwissenschaftler*innen aus aller Welt, um ihre wissenschaftlichen Durchbr\u00fcche bei der Bew\u00e4ltigung globaler Herausforderungen auszutauschen. Unter dem [&hellip;]\" \/>\n<meta property=\"og:url\" content=\"https:\/\/care-o-sene.com\/de_de\/2026\/01\/20\/care-o-sene-auf-dem-falling-walls-science-summit-2025-in-berlin\/\" \/>\n<meta property=\"og:site_name\" content=\"CARE-O-SENE\" \/>\n<meta property=\"article:published_time\" content=\"2026-01-20T13:01:50+00:00\" \/>\n<meta property=\"article:modified_time\" content=\"2026-01-20T15:03:22+00:00\" \/>\n<meta property=\"og:image\" content=\"https:\/\/care-o-sene.com\/wp-content\/uploads\/FW25_8_11_SUMMIT_PLENARY_TABLES_print_copyright_Falling_Walls_Foundation_Sebastian_Rau_125-scaled.jpg\" \/>\n\t<meta property=\"og:image:width\" content=\"2560\" \/>\n\t<meta property=\"og:image:height\" content=\"1707\" \/>\n\t<meta property=\"og:image:type\" content=\"image\/jpeg\" \/>\n<meta name=\"author\" content=\"Anabel\" \/>\n<meta name=\"twitter:card\" content=\"summary_large_image\" \/>\n<meta name=\"twitter:label1\" content=\"Verfasst von\" \/>\n\t<meta name=\"twitter:data1\" content=\"Anabel\" \/>\n\t<meta name=\"twitter:label2\" content=\"Gesch\u00e4tzte Lesezeit\" \/>\n\t<meta name=\"twitter:data2\" content=\"2\u00a0Minuten\" \/>\n<script type=\"application\/ld+json\" class=\"yoast-schema-graph\">{\"@context\":\"https:\/\/schema.org\",\"@graph\":[{\"@type\":\"Article\",\"@id\":\"https:\/\/care-o-sene.com\/2026\/01\/20\/care-o-sene-auf-dem-falling-walls-science-summit-2025-in-berlin\/#article\",\"isPartOf\":{\"@id\":\"https:\/\/care-o-sene.com\/2026\/01\/20\/care-o-sene-auf-dem-falling-walls-science-summit-2025-in-berlin\/\"},\"author\":{\"name\":\"Anabel\",\"@id\":\"https:\/\/care-o-sene.com\/#\/schema\/person\/763f5217e70013a0dfb630c5d6b83b07\"},\"headline\":\"CARE-O-SENE auf dem Falling Walls Science Summit 2025 in Berlin\",\"datePublished\":\"2026-01-20T13:01:50+00:00\",\"dateModified\":\"2026-01-20T15:03:22+00:00\",\"mainEntityOfPage\":{\"@id\":\"https:\/\/care-o-sene.com\/2026\/01\/20\/care-o-sene-auf-dem-falling-walls-science-summit-2025-in-berlin\/\"},\"wordCount\":207,\"commentCount\":0,\"publisher\":{\"@id\":\"https:\/\/care-o-sene.com\/#organization\"},\"image\":{\"@id\":\"https:\/\/care-o-sene.com\/2026\/01\/20\/care-o-sene-auf-dem-falling-walls-science-summit-2025-in-berlin\/#primaryimage\"},\"thumbnailUrl\":\"https:\/\/care-o-sene.com\/wp-content\/uploads\/FW25_8_11_SUMMIT_PLENARY_TABLES_print_copyright_Falling_Walls_Foundation_Sebastian_Rau_125-scaled.jpg\",\"articleSection\":[\"Uncategorized\"],\"inLanguage\":\"de\",\"potentialAction\":[{\"@type\":\"CommentAction\",\"name\":\"Comment\",\"target\":[\"https:\/\/care-o-sene.com\/2026\/01\/20\/care-o-sene-auf-dem-falling-walls-science-summit-2025-in-berlin\/#respond\"]}]},{\"@type\":\"WebPage\",\"@id\":\"https:\/\/care-o-sene.com\/2026\/01\/20\/care-o-sene-auf-dem-falling-walls-science-summit-2025-in-berlin\/\",\"url\":\"https:\/\/care-o-sene.com\/2026\/01\/20\/care-o-sene-auf-dem-falling-walls-science-summit-2025-in-berlin\/\",\"name\":\"CARE-O-SENE auf dem Falling Walls Science Summit 2025 in Berlin - CARE-O-SENE\",\"isPartOf\":{\"@id\":\"https:\/\/care-o-sene.com\/#website\"},\"primaryImageOfPage\":{\"@id\":\"https:\/\/care-o-sene.com\/2026\/01\/20\/care-o-sene-auf-dem-falling-walls-science-summit-2025-in-berlin\/#primaryimage\"},\"image\":{\"@id\":\"https:\/\/care-o-sene.com\/2026\/01\/20\/care-o-sene-auf-dem-falling-walls-science-summit-2025-in-berlin\/#primaryimage\"},\"thumbnailUrl\":\"https:\/\/care-o-sene.com\/wp-content\/uploads\/FW25_8_11_SUMMIT_PLENARY_TABLES_print_copyright_Falling_Walls_Foundation_Sebastian_Rau_125-scaled.jpg\",\"datePublished\":\"2026-01-20T13:01:50+00:00\",\"dateModified\":\"2026-01-20T15:03:22+00:00\",\"breadcrumb\":{\"@id\":\"https:\/\/care-o-sene.com\/2026\/01\/20\/care-o-sene-auf-dem-falling-walls-science-summit-2025-in-berlin\/#breadcrumb\"},\"inLanguage\":\"de\",\"potentialAction\":[{\"@type\":\"ReadAction\",\"target\":[\"https:\/\/care-o-sene.com\/2026\/01\/20\/care-o-sene-auf-dem-falling-walls-science-summit-2025-in-berlin\/\"]}]},{\"@type\":\"ImageObject\",\"inLanguage\":\"de\",\"@id\":\"https:\/\/care-o-sene.com\/2026\/01\/20\/care-o-sene-auf-dem-falling-walls-science-summit-2025-in-berlin\/#primaryimage\",\"url\":\"https:\/\/care-o-sene.com\/wp-content\/uploads\/FW25_8_11_SUMMIT_PLENARY_TABLES_print_copyright_Falling_Walls_Foundation_Sebastian_Rau_125-scaled.jpg\",\"contentUrl\":\"https:\/\/care-o-sene.com\/wp-content\/uploads\/FW25_8_11_SUMMIT_PLENARY_TABLES_print_copyright_Falling_Walls_Foundation_Sebastian_Rau_125-scaled.jpg\",\"width\":2560,\"height\":1707,\"caption\":\"Falling Walls Circle Plenary Tables . Berlin, 08.11.2025.\"},{\"@type\":\"BreadcrumbList\",\"@id\":\"https:\/\/care-o-sene.com\/2026\/01\/20\/care-o-sene-auf-dem-falling-walls-science-summit-2025-in-berlin\/#breadcrumb\",\"itemListElement\":[{\"@type\":\"ListItem\",\"position\":1,\"name\":\"Startseite\",\"item\":\"https:\/\/care-o-sene.com\/\"},{\"@type\":\"ListItem\",\"position\":2,\"name\":\"CARE-O-SENE auf dem Falling Walls Science Summit 2025 in Berlin\"}]},{\"@type\":\"WebSite\",\"@id\":\"https:\/\/care-o-sene.com\/#website\",\"url\":\"https:\/\/care-o-sene.com\/\",\"name\":\"CARE-O-SENE\",\"description\":\"Catalyst Research for Sustainable Kerosene\",\"publisher\":{\"@id\":\"https:\/\/care-o-sene.com\/#organization\"},\"potentialAction\":[{\"@type\":\"SearchAction\",\"target\":{\"@type\":\"EntryPoint\",\"urlTemplate\":\"https:\/\/care-o-sene.com\/?s={search_term_string}\"},\"query-input\":{\"@type\":\"PropertyValueSpecification\",\"valueRequired\":true,\"valueName\":\"search_term_string\"}}],\"inLanguage\":\"de\"},{\"@type\":\"Organization\",\"@id\":\"https:\/\/care-o-sene.com\/#organization\",\"name\":\"CARE-O-SENE\",\"url\":\"https:\/\/care-o-sene.com\/\",\"logo\":{\"@type\":\"ImageObject\",\"inLanguage\":\"de\",\"@id\":\"https:\/\/care-o-sene.com\/#\/schema\/logo\/image\/\",\"url\":\"https:\/\/care-o-sene.com\/wp-content\/uploads\/favicon-1.png\",\"contentUrl\":\"https:\/\/care-o-sene.com\/wp-content\/uploads\/favicon-1.png\",\"width\":383,\"height\":389,\"caption\":\"CARE-O-SENE\"},\"image\":{\"@id\":\"https:\/\/care-o-sene.com\/#\/schema\/logo\/image\/\"}},{\"@type\":\"Person\",\"@id\":\"https:\/\/care-o-sene.com\/#\/schema\/person\/763f5217e70013a0dfb630c5d6b83b07\",\"name\":\"Anabel\",\"image\":{\"@type\":\"ImageObject\",\"inLanguage\":\"de\",\"@id\":\"https:\/\/care-o-sene.com\/#\/schema\/person\/image\/\",\"url\":\"https:\/\/secure.gravatar.com\/avatar\/3a759ef2a85d2d57cc7112c7d461d0f50d1c6ca9a1f23f2364e760ba09069a3e?s=96&d=mm&r=g\",\"contentUrl\":\"https:\/\/secure.gravatar.com\/avatar\/3a759ef2a85d2d57cc7112c7d461d0f50d1c6ca9a1f23f2364e760ba09069a3e?s=96&d=mm&r=g\",\"caption\":\"Anabel\"},\"url\":\"https:\/\/care-o-sene.com\/de_de\/author\/orca-anabel\/\"}]}<\/script>\n<!-- \/ Yoast SEO plugin. -->",
    "yoast_head_json": {
        "title": "CARE-O-SENE auf dem Falling Walls Science Summit 2025 in Berlin - CARE-O-SENE",
        "robots": {
            "index": "index",
            "follow": "follow",
            "max-snippet": "max-snippet:-1",
            "max-image-preview": "max-image-preview:large",
            "max-video-preview": "max-video-preview:-1"
        },
        "canonical": "https:\/\/care-o-sene.com\/de_de\/2026\/01\/20\/care-o-sene-auf-dem-falling-walls-science-summit-2025-in-berlin\/",
        "og_locale": "de_DE",
        "og_type": "article",
        "og_title": "CARE-O-SENE auf dem Falling Walls Science Summit 2025 in Berlin - CARE-O-SENE",
        "og_description": "CARE-O-SENE auf dem Falling Walls Science Summit 2025 in Berlin W\u00e4hrend des Falling Walls Science Summit in Berlin am 9. November 2025 wurde CARE-O-SENE von Dr. Sven Godorr, Vizepr\u00e4sident f\u00fcr Technologiemanagement und Start-ups bei Sasol, vertreten. Der Gipfel versammelt Spitzenwissenschaftler*innen aus aller Welt, um ihre wissenschaftlichen Durchbr\u00fcche bei der Bew\u00e4ltigung globaler Herausforderungen auszutauschen. Unter dem [&hellip;]",
        "og_url": "https:\/\/care-o-sene.com\/de_de\/2026\/01\/20\/care-o-sene-auf-dem-falling-walls-science-summit-2025-in-berlin\/",
        "og_site_name": "CARE-O-SENE",
        "article_published_time": "2026-01-20T13:01:50+00:00",
        "article_modified_time": "2026-01-20T15:03:22+00:00",
        "og_image": [
            {
                "width": 2560,
                "height": 1707,
                "url": "https:\/\/care-o-sene.com\/wp-content\/uploads\/FW25_8_11_SUMMIT_PLENARY_TABLES_print_copyright_Falling_Walls_Foundation_Sebastian_Rau_125-scaled.jpg",
                "type": "image\/jpeg"
            }
        ],
        "author": "Anabel",
        "twitter_card": "summary_large_image",
        "twitter_misc": {
            "Verfasst von": "Anabel",
            "Gesch\u00e4tzte Lesezeit": "2\u00a0Minuten"
        },
        "schema": {
            "@context": "https:\/\/schema.org",
            "@graph": [
                {
                    "@type": "Article",
                    "@id": "https:\/\/care-o-sene.com\/2026\/01\/20\/care-o-sene-auf-dem-falling-walls-science-summit-2025-in-berlin\/#article",
                    "isPartOf": {
                        "@id": "https:\/\/care-o-sene.com\/2026\/01\/20\/care-o-sene-auf-dem-falling-walls-science-summit-2025-in-berlin\/"
                    },
                    "author": {
                        "name": "Anabel",
                        "@id": "https:\/\/care-o-sene.com\/#\/schema\/person\/763f5217e70013a0dfb630c5d6b83b07"
                    },
                    "headline": "CARE-O-SENE auf dem Falling Walls Science Summit 2025 in Berlin",
                    "datePublished": "2026-01-20T13:01:50+00:00",
                    "dateModified": "2026-01-20T15:03:22+00:00",
                    "mainEntityOfPage": {
                        "@id": "https:\/\/care-o-sene.com\/2026\/01\/20\/care-o-sene-auf-dem-falling-walls-science-summit-2025-in-berlin\/"
                    },
                    "wordCount": 207,
                    "commentCount": 0,
                    "publisher": {
                        "@id": "https:\/\/care-o-sene.com\/#organization"
                    },
                    "image": {
                        "@id": "https:\/\/care-o-sene.com\/2026\/01\/20\/care-o-sene-auf-dem-falling-walls-science-summit-2025-in-berlin\/#primaryimage"
                    },
                    "thumbnailUrl": "https:\/\/care-o-sene.com\/wp-content\/uploads\/FW25_8_11_SUMMIT_PLENARY_TABLES_print_copyright_Falling_Walls_Foundation_Sebastian_Rau_125-scaled.jpg",
                    "articleSection": [
                        "Uncategorized"
                    ],
                    "inLanguage": "de",
                    "potentialAction": [
                        {
                            "@type": "CommentAction",
                            "name": "Comment",
                            "target": [
                                "https:\/\/care-o-sene.com\/2026\/01\/20\/care-o-sene-auf-dem-falling-walls-science-summit-2025-in-berlin\/#respond"
                            ]
                        }
                    ]
                },
                {
                    "@type": "WebPage",
                    "@id": "https:\/\/care-o-sene.com\/2026\/01\/20\/care-o-sene-auf-dem-falling-walls-science-summit-2025-in-berlin\/",
                    "url": "https:\/\/care-o-sene.com\/2026\/01\/20\/care-o-sene-auf-dem-falling-walls-science-summit-2025-in-berlin\/",
                    "name": "CARE-O-SENE auf dem Falling Walls Science Summit 2025 in Berlin - CARE-O-SENE",
                    "isPartOf": {
                        "@id": "https:\/\/care-o-sene.com\/#website"
                    },
                    "primaryImageOfPage": {
                        "@id": "https:\/\/care-o-sene.com\/2026\/01\/20\/care-o-sene-auf-dem-falling-walls-science-summit-2025-in-berlin\/#primaryimage"
                    },
                    "image": {
                        "@id": "https:\/\/care-o-sene.com\/2026\/01\/20\/care-o-sene-auf-dem-falling-walls-science-summit-2025-in-berlin\/#primaryimage"
                    },
                    "thumbnailUrl": "https:\/\/care-o-sene.com\/wp-content\/uploads\/FW25_8_11_SUMMIT_PLENARY_TABLES_print_copyright_Falling_Walls_Foundation_Sebastian_Rau_125-scaled.jpg",
                    "datePublished": "2026-01-20T13:01:50+00:00",
                    "dateModified": "2026-01-20T15:03:22+00:00",
                    "breadcrumb": {
                        "@id": "https:\/\/care-o-sene.com\/2026\/01\/20\/care-o-sene-auf-dem-falling-walls-science-summit-2025-in-berlin\/#breadcrumb"
                    },
                    "inLanguage": "de",
                    "potentialAction": [
                        {
                            "@type": "ReadAction",
                            "target": [
                                "https:\/\/care-o-sene.com\/2026\/01\/20\/care-o-sene-auf-dem-falling-walls-science-summit-2025-in-berlin\/"
                            ]
                        }
                    ]
                },
                {
                    "@type": "ImageObject",
                    "inLanguage": "de",
                    "@id": "https:\/\/care-o-sene.com\/2026\/01\/20\/care-o-sene-auf-dem-falling-walls-science-summit-2025-in-berlin\/#primaryimage",
                    "url": "https:\/\/care-o-sene.com\/wp-content\/uploads\/FW25_8_11_SUMMIT_PLENARY_TABLES_print_copyright_Falling_Walls_Foundation_Sebastian_Rau_125-scaled.jpg",
                    "contentUrl": "https:\/\/care-o-sene.com\/wp-content\/uploads\/FW25_8_11_SUMMIT_PLENARY_TABLES_print_copyright_Falling_Walls_Foundation_Sebastian_Rau_125-scaled.jpg",
                    "width": 2560,
                    "height": 1707,
                    "caption": "Falling Walls Circle Plenary Tables . Berlin, 08.11.2025."
                },
                {
                    "@type": "BreadcrumbList",
                    "@id": "https:\/\/care-o-sene.com\/2026\/01\/20\/care-o-sene-auf-dem-falling-walls-science-summit-2025-in-berlin\/#breadcrumb",
                    "itemListElement": [
                        {
                            "@type": "ListItem",
                            "position": 1,
                            "name": "Startseite",
                            "item": "https:\/\/care-o-sene.com\/"
                        },
                        {
                            "@type": "ListItem",
                            "position": 2,
                            "name": "CARE-O-SENE auf dem Falling Walls Science Summit 2025 in Berlin"
                        }
                    ]
                },
                {
                    "@type": "WebSite",
                    "@id": "https:\/\/care-o-sene.com\/#website",
                    "url": "https:\/\/care-o-sene.com\/",
                    "name": "CARE-O-SENE",
                    "description": "Catalyst Research for Sustainable Kerosene",
                    "publisher": {
                        "@id": "https:\/\/care-o-sene.com\/#organization"
                    },
                    "potentialAction": [
                        {
                            "@type": "SearchAction",
                            "target": {
                                "@type": "EntryPoint",
                                "urlTemplate": "https:\/\/care-o-sene.com\/?s={search_term_string}"
                            },
                            "query-input": {
                                "@type": "PropertyValueSpecification",
                                "valueRequired": true,
                                "valueName": "search_term_string"
                            }
                        }
                    ],
                    "inLanguage": "de"
                },
                {
                    "@type": "Organization",
                    "@id": "https:\/\/care-o-sene.com\/#organization",
                    "name": "CARE-O-SENE",
                    "url": "https:\/\/care-o-sene.com\/",
                    "logo": {
                        "@type": "ImageObject",
                        "inLanguage": "de",
                        "@id": "https:\/\/care-o-sene.com\/#\/schema\/logo\/image\/",
                        "url": "https:\/\/care-o-sene.com\/wp-content\/uploads\/favicon-1.png",
                        "contentUrl": "https:\/\/care-o-sene.com\/wp-content\/uploads\/favicon-1.png",
                        "width": 383,
                        "height": 389,
                        "caption": "CARE-O-SENE"
                    },
                    "image": {
                        "@id": "https:\/\/care-o-sene.com\/#\/schema\/logo\/image\/"
                    }
                },
                {
                    "@type": "Person",
                    "@id": "https:\/\/care-o-sene.com\/#\/schema\/person\/763f5217e70013a0dfb630c5d6b83b07",
                    "name": "Anabel",
                    "image": {
                        "@type": "ImageObject",
                        "inLanguage": "de",
                        "@id": "https:\/\/care-o-sene.com\/#\/schema\/person\/image\/",
                        "url": "https:\/\/secure.gravatar.com\/avatar\/3a759ef2a85d2d57cc7112c7d461d0f50d1c6ca9a1f23f2364e760ba09069a3e?s=96&d=mm&r=g",
                        "contentUrl": "https:\/\/secure.gravatar.com\/avatar\/3a759ef2a85d2d57cc7112c7d461d0f50d1c6ca9a1f23f2364e760ba09069a3e?s=96&d=mm&r=g",
                        "caption": "Anabel"
                    },
                    "url": "https:\/\/care-o-sene.com\/de_de\/author\/orca-anabel\/"
                }
            ]
        }
    },
    "_links": {
        "self": [
            {
                "href": "https:\/\/care-o-sene.com\/de_de\/wp-json\/wp\/v2\/posts\/4511",
                "targetHints": {
                    "allow": [
                        "GET"
                    ]
                }
            }
        ],
        "collection": [
            {
                "href": "https:\/\/care-o-sene.com\/de_de\/wp-json\/wp\/v2\/posts"
            }
        ],
        "about": [
            {
                "href": "https:\/\/care-o-sene.com\/de_de\/wp-json\/wp\/v2\/types\/post"
            }
        ],
        "author": [
            {
                "embeddable": true,
                "href": "https:\/\/care-o-sene.com\/de_de\/wp-json\/wp\/v2\/users\/3"
            }
        ],
        "replies": [
            {
                "embeddable": true,
                "href": "https:\/\/care-o-sene.com\/de_de\/wp-json\/wp\/v2\/comments?post=4511"
            }
        ],
        "version-history": [
            {
                "count": 20,
                "href": "https:\/\/care-o-sene.com\/de_de\/wp-json\/wp\/v2\/posts\/4511\/revisions"
            }
        ],
        "predecessor-version": [
            {
                "id": 4534,
                "href": "https:\/\/care-o-sene.com\/de_de\/wp-json\/wp\/v2\/posts\/4511\/revisions\/4534"
            }
        ],
        "wp:featuredmedia": [
            {
                "embeddable": true,
                "href": "https:\/\/care-o-sene.com\/de_de\/wp-json\/wp\/v2\/media\/4513"
            }
        ],
        "wp:attachment": [
            {
                "href": "https:\/\/care-o-sene.com\/de_de\/wp-json\/wp\/v2\/media?parent=4511"
            }
        ],
        "wp:term": [
            {
                "taxonomy": "category",
                "embeddable": true,
                "href": "https:\/\/care-o-sene.com\/de_de\/wp-json\/wp\/v2\/categories?post=4511"
            },
            {
                "taxonomy": "post_tag",
                "embeddable": true,
                "href": "https:\/\/care-o-sene.com\/de_de\/wp-json\/wp\/v2\/tags?post=4511"
            }
        ],
        "curies": [
            {
                "name": "wp",
                "href": "https:\/\/api.w.org\/{rel}",
                "templated": true
            }
        ]
    }
}