{"id":3702,"date":"2024-06-07T14:13:44","date_gmt":"2024-06-07T12:13:44","guid":{"rendered":"https:\/\/care-o-sene.com\/?p=3702"},"modified":"2024-06-07T14:13:45","modified_gmt":"2024-06-07T12:13:45","slug":"care-o-sene-im-blickpunkt-bei-zeit-fuer-klima","status":"publish","type":"post","link":"https:\/\/care-o-sene.com\/en\/2024\/06\/07\/care-o-sene-im-blickpunkt-bei-zeit-fuer-klima\/","title":{"rendered":"CARE-O-SENE takes stage at Zeit f\u00fcr Klima"},"content":{"rendered":"<p>The pressing question of whether sustainable aviation is achievable took center stage at the recent<a href=\"https:\/\/zeitfuerx.de\/events\/zeit-fuer-klima-gespraech-2024\/\" target=\"_blank\" rel=\"noreferrer noopener\">Zeit f\u00fcr Klima<\/a>event under the motto \"Aviation and Climate Neutrality: Can We Fly Sustainably?\u201d in Frankfurt.<\/p>\n\n\n\n<p>The event brought together experts from various fields to discuss innovative solutions for a greener future. Among the notable contributors was Dr. Tobias Sontheimer, co-lead of the #CAREOSENE consortium, who shared his insights on the path towards climate-neutral aviation.<\/p>\n\n\n\n<p>During the panel discussion titled \u201cInnovative Technologies and Quick Wins on the Way to Climate-Neutral Aviation,\u201d Dr Tobias Sontheimer delved into the role of innovative catalyst technologies in the production of Sustainable Aviation Fuel (SAF). He explained how these catalysts are crucial in minimizing resource consumption during fuel production. \u201cThe existing fleet of aircraft will need to be supplied with fuel for several more decades,\u201d Sontheimer noted, emphasizing the need for efficient and sustainable fuel solutions. \u201cAt the same time, the blending rates of SAF will change significantly over the next few years, necessitating advancements in fuel technology.\u201d<\/p>\n\n\n\n<p>The panelists highlighted the key role of SAF for decarbonizing the aviation sector and stressed the importance of international projects such as CARE-O-SENE to accelerate innovation cycles and the speed up commercialization. It was common sense between all panelists to achieve or even exceed these SAF blending mandates. \u201cTo achieve this\u201d, stated Tobias Sontheimer, \u201cwe do not have the time to allow ourselves development cycles of 10 to 15 years. We have to scale the production of SAF short-term\u201d, which the CARE-O-SENE project is aiming for.<\/p>\n\n\n\n<p>The event was also a great networking opportunity, which allowed, Dr Dirk Sch\u00e4r, the other co-lead, to highlight the mission of CARE-O-SENE, that aims to contribute to making sustainable flying more cost-effective. The consortium\u2019s research and innovations in catalyst technology are poised to play a pivotal role in the energy transition within the aviation sector. By enhancing the efficiency and reducing the environmental impact of SAF production, CARE-O-SENE is setting the stage for a future where flying can be both eco-friendly and economically viable.<\/p>\n\n\n\n<p>The discussion at \u201cZeit f\u00fcr Klima\u201d underscored the urgency and feasibility of transitioning to sustainable aviation practices.<\/p>","protected":false},"excerpt":{"rendered":"<p>Die dr\u00e4ngende Frage, ob ein nachhaltiger Flugverkehr m\u00f6glich ist, stand im Mittelpunkt der j\u00fcngsten \u201eZeit f\u00fcr Klima\u201c-Veranstaltung unter dem Motto \u201eLuftfahrt und Klimaneutralit\u00e4t: Kann nachhaltiges Fliegen gelingen?&#8220; in Frankfurt. Die Veranstaltung brachte Experten aus verschiedenen Bereichen zusammen, um innovative L\u00f6sungen f\u00fcr eine nachhaltigere Zukunft zu diskutieren. Unter anderem sprach Dr. Tobias Sontheimer, Co-Leiter des #CAREOSENE-Konsortiums, [&hellip;]<\/p>","protected":false},"author":6,"featured_media":3703,"comment_status":"open","ping_status":"open","sticky":false,"template":"","format":"standard","meta":{"_acf_changed":false,"footnotes":""},"categories":[1],"tags":[],"class_list":["post-3702","post","type-post","status-publish","format-standard","has-post-thumbnail","hentry","category-uncategorized"],"acf":[],"yoast_head":"<!-- This site is optimized with the Yoast SEO plugin v25.8 - https:\/\/yoast.com\/wordpress\/plugins\/seo\/ -->\n<title>CARE-O-SENE im Blickpunkt bei &quot;Zeit f\u00fcr Klima&quot; - CARE-O-SENE<\/title>\n<meta name=\"robots\" content=\"index, follow, max-snippet:-1, max-image-preview:large, max-video-preview:-1\" \/>\n<link rel=\"canonical\" href=\"https:\/\/care-o-sene.com\/en\/2024\/06\/07\/care-o-sene-im-blickpunkt-bei-zeit-fuer-klima\/\" \/>\n<meta property=\"og:locale\" content=\"en_GB\" \/>\n<meta property=\"og:type\" content=\"article\" \/>\n<meta property=\"og:title\" content=\"CARE-O-SENE im Blickpunkt bei &quot;Zeit f\u00fcr Klima&quot; - CARE-O-SENE\" \/>\n<meta property=\"og:description\" content=\"Die dr\u00e4ngende Frage, ob ein nachhaltiger Flugverkehr m\u00f6glich ist, stand im Mittelpunkt der j\u00fcngsten \u201eZeit f\u00fcr Klima\u201c-Veranstaltung unter dem Motto \u201eLuftfahrt und Klimaneutralit\u00e4t: Kann nachhaltiges Fliegen gelingen?&#8220; in Frankfurt. Die Veranstaltung brachte Experten aus verschiedenen Bereichen zusammen, um innovative L\u00f6sungen f\u00fcr eine nachhaltigere Zukunft zu diskutieren. Unter anderem sprach Dr. Tobias Sontheimer, Co-Leiter des #CAREOSENE-Konsortiums, [&hellip;]\" \/>\n<meta property=\"og:url\" content=\"https:\/\/care-o-sene.com\/en\/2024\/06\/07\/care-o-sene-im-blickpunkt-bei-zeit-fuer-klima\/\" \/>\n<meta property=\"og:site_name\" content=\"CARE-O-SENE\" \/>\n<meta property=\"article:published_time\" content=\"2024-06-07T12:13:44+00:00\" \/>\n<meta property=\"article:modified_time\" content=\"2024-06-07T12:13:45+00:00\" \/>\n<meta property=\"og:image\" content=\"https:\/\/care-o-sene.com\/wp-content\/uploads\/Zeit-fuer-Klima_240606_small.jpg\" \/>\n\t<meta property=\"og:image:width\" content=\"1920\" \/>\n\t<meta property=\"og:image:height\" content=\"1328\" \/>\n\t<meta property=\"og:image:type\" content=\"image\/jpeg\" \/>\n<meta name=\"author\" content=\"ORCA van Loon\" \/>\n<meta name=\"twitter:card\" content=\"summary_large_image\" \/>\n<meta name=\"twitter:label1\" content=\"Written by\" \/>\n\t<meta name=\"twitter:data1\" content=\"ORCA van Loon\" \/>\n\t<meta name=\"twitter:label2\" content=\"Estimated reading time\" \/>\n\t<meta name=\"twitter:data2\" content=\"2 minutes\" \/>\n<script type=\"application\/ld+json\" class=\"yoast-schema-graph\">{\"@context\":\"https:\/\/schema.org\",\"@graph\":[{\"@type\":\"Article\",\"@id\":\"https:\/\/care-o-sene.com\/2024\/06\/07\/care-o-sene-im-blickpunkt-bei-zeit-fuer-klima\/#article\",\"isPartOf\":{\"@id\":\"https:\/\/care-o-sene.com\/2024\/06\/07\/care-o-sene-im-blickpunkt-bei-zeit-fuer-klima\/\"},\"author\":{\"name\":\"ORCA van Loon\",\"@id\":\"https:\/\/care-o-sene.com\/#\/schema\/person\/e1b9cc05f42ac3c1f7be5ff4d5e04832\"},\"headline\":\"CARE-O-SENE im Blickpunkt bei &#8222;Zeit f\u00fcr Klima&#8220;\",\"datePublished\":\"2024-06-07T12:13:44+00:00\",\"dateModified\":\"2024-06-07T12:13:45+00:00\",\"mainEntityOfPage\":{\"@id\":\"https:\/\/care-o-sene.com\/2024\/06\/07\/care-o-sene-im-blickpunkt-bei-zeit-fuer-klima\/\"},\"wordCount\":354,\"commentCount\":0,\"publisher\":{\"@id\":\"https:\/\/care-o-sene.com\/#organization\"},\"image\":{\"@id\":\"https:\/\/care-o-sene.com\/2024\/06\/07\/care-o-sene-im-blickpunkt-bei-zeit-fuer-klima\/#primaryimage\"},\"thumbnailUrl\":\"https:\/\/care-o-sene.com\/wp-content\/uploads\/Zeit-fuer-Klima_240606_small.jpg\",\"articleSection\":[\"Uncategorized\"],\"inLanguage\":\"en-GB\",\"potentialAction\":[{\"@type\":\"CommentAction\",\"name\":\"Comment\",\"target\":[\"https:\/\/care-o-sene.com\/2024\/06\/07\/care-o-sene-im-blickpunkt-bei-zeit-fuer-klima\/#respond\"]}]},{\"@type\":\"WebPage\",\"@id\":\"https:\/\/care-o-sene.com\/2024\/06\/07\/care-o-sene-im-blickpunkt-bei-zeit-fuer-klima\/\",\"url\":\"https:\/\/care-o-sene.com\/2024\/06\/07\/care-o-sene-im-blickpunkt-bei-zeit-fuer-klima\/\",\"name\":\"CARE-O-SENE im Blickpunkt bei \\\"Zeit f\u00fcr Klima\\\" - CARE-O-SENE\",\"isPartOf\":{\"@id\":\"https:\/\/care-o-sene.com\/#website\"},\"primaryImageOfPage\":{\"@id\":\"https:\/\/care-o-sene.com\/2024\/06\/07\/care-o-sene-im-blickpunkt-bei-zeit-fuer-klima\/#primaryimage\"},\"image\":{\"@id\":\"https:\/\/care-o-sene.com\/2024\/06\/07\/care-o-sene-im-blickpunkt-bei-zeit-fuer-klima\/#primaryimage\"},\"thumbnailUrl\":\"https:\/\/care-o-sene.com\/wp-content\/uploads\/Zeit-fuer-Klima_240606_small.jpg\",\"datePublished\":\"2024-06-07T12:13:44+00:00\",\"dateModified\":\"2024-06-07T12:13:45+00:00\",\"breadcrumb\":{\"@id\":\"https:\/\/care-o-sene.com\/2024\/06\/07\/care-o-sene-im-blickpunkt-bei-zeit-fuer-klima\/#breadcrumb\"},\"inLanguage\":\"en-GB\",\"potentialAction\":[{\"@type\":\"ReadAction\",\"target\":[\"https:\/\/care-o-sene.com\/2024\/06\/07\/care-o-sene-im-blickpunkt-bei-zeit-fuer-klima\/\"]}]},{\"@type\":\"ImageObject\",\"inLanguage\":\"en-GB\",\"@id\":\"https:\/\/care-o-sene.com\/2024\/06\/07\/care-o-sene-im-blickpunkt-bei-zeit-fuer-klima\/#primaryimage\",\"url\":\"https:\/\/care-o-sene.com\/wp-content\/uploads\/Zeit-fuer-Klima_240606_small.jpg\",\"contentUrl\":\"https:\/\/care-o-sene.com\/wp-content\/uploads\/Zeit-fuer-Klima_240606_small.jpg\",\"width\":1920,\"height\":1328},{\"@type\":\"BreadcrumbList\",\"@id\":\"https:\/\/care-o-sene.com\/2024\/06\/07\/care-o-sene-im-blickpunkt-bei-zeit-fuer-klima\/#breadcrumb\",\"itemListElement\":[{\"@type\":\"ListItem\",\"position\":1,\"name\":\"Startseite\",\"item\":\"https:\/\/care-o-sene.com\/\"},{\"@type\":\"ListItem\",\"position\":2,\"name\":\"CARE-O-SENE im Blickpunkt bei &#8222;Zeit f\u00fcr Klima&#8220;\"}]},{\"@type\":\"WebSite\",\"@id\":\"https:\/\/care-o-sene.com\/#website\",\"url\":\"https:\/\/care-o-sene.com\/\",\"name\":\"CARE-O-SENE\",\"description\":\"Catalyst Research for Sustainable Kerosene\",\"publisher\":{\"@id\":\"https:\/\/care-o-sene.com\/#organization\"},\"potentialAction\":[{\"@type\":\"SearchAction\",\"target\":{\"@type\":\"EntryPoint\",\"urlTemplate\":\"https:\/\/care-o-sene.com\/?s={search_term_string}\"},\"query-input\":{\"@type\":\"PropertyValueSpecification\",\"valueRequired\":true,\"valueName\":\"search_term_string\"}}],\"inLanguage\":\"en-GB\"},{\"@type\":\"Organization\",\"@id\":\"https:\/\/care-o-sene.com\/#organization\",\"name\":\"CARE-O-SENE\",\"url\":\"https:\/\/care-o-sene.com\/\",\"logo\":{\"@type\":\"ImageObject\",\"inLanguage\":\"en-GB\",\"@id\":\"https:\/\/care-o-sene.com\/#\/schema\/logo\/image\/\",\"url\":\"https:\/\/care-o-sene.com\/wp-content\/uploads\/favicon-1.png\",\"contentUrl\":\"https:\/\/care-o-sene.com\/wp-content\/uploads\/favicon-1.png\",\"width\":383,\"height\":389,\"caption\":\"CARE-O-SENE\"},\"image\":{\"@id\":\"https:\/\/care-o-sene.com\/#\/schema\/logo\/image\/\"}},{\"@type\":\"Person\",\"@id\":\"https:\/\/care-o-sene.com\/#\/schema\/person\/e1b9cc05f42ac3c1f7be5ff4d5e04832\",\"name\":\"ORCA van Loon\",\"image\":{\"@type\":\"ImageObject\",\"inLanguage\":\"en-GB\",\"@id\":\"https:\/\/care-o-sene.com\/#\/schema\/person\/image\/\",\"url\":\"https:\/\/secure.gravatar.com\/avatar\/8eb7842d608afc1953c086884470931aa993fcc6d189db48d359fdd7a5630ce2?s=96&d=mm&r=g\",\"contentUrl\":\"https:\/\/secure.gravatar.com\/avatar\/8eb7842d608afc1953c086884470931aa993fcc6d189db48d359fdd7a5630ce2?s=96&d=mm&r=g\",\"caption\":\"ORCA van Loon\"},\"url\":\"https:\/\/care-o-sene.com\/en\/author\/orca-van-loon\/\"}]}<\/script>\n<!-- \/ Yoast SEO plugin. -->","yoast_head_json":{"title":"CARE-O-SENE im Blickpunkt bei \"Zeit f\u00fcr Klima\" - CARE-O-SENE","robots":{"index":"index","follow":"follow","max-snippet":"max-snippet:-1","max-image-preview":"max-image-preview:large","max-video-preview":"max-video-preview:-1"},"canonical":"https:\/\/care-o-sene.com\/en\/2024\/06\/07\/care-o-sene-im-blickpunkt-bei-zeit-fuer-klima\/","og_locale":"en_GB","og_type":"article","og_title":"CARE-O-SENE im Blickpunkt bei \"Zeit f\u00fcr Klima\" - CARE-O-SENE","og_description":"Die dr\u00e4ngende Frage, ob ein nachhaltiger Flugverkehr m\u00f6glich ist, stand im Mittelpunkt der j\u00fcngsten \u201eZeit f\u00fcr Klima\u201c-Veranstaltung unter dem Motto \u201eLuftfahrt und Klimaneutralit\u00e4t: Kann nachhaltiges Fliegen gelingen?&#8220; in Frankfurt. Die Veranstaltung brachte Experten aus verschiedenen Bereichen zusammen, um innovative L\u00f6sungen f\u00fcr eine nachhaltigere Zukunft zu diskutieren. Unter anderem sprach Dr. Tobias Sontheimer, Co-Leiter des #CAREOSENE-Konsortiums, [&hellip;]","og_url":"https:\/\/care-o-sene.com\/en\/2024\/06\/07\/care-o-sene-im-blickpunkt-bei-zeit-fuer-klima\/","og_site_name":"CARE-O-SENE","article_published_time":"2024-06-07T12:13:44+00:00","article_modified_time":"2024-06-07T12:13:45+00:00","og_image":[{"width":1920,"height":1328,"url":"https:\/\/care-o-sene.com\/wp-content\/uploads\/Zeit-fuer-Klima_240606_small.jpg","type":"image\/jpeg"}],"author":"ORCA van Loon","twitter_card":"summary_large_image","twitter_misc":{"Written by":"ORCA van Loon","Estimated reading time":"2 minutes"},"schema":{"@context":"https:\/\/schema.org","@graph":[{"@type":"Article","@id":"https:\/\/care-o-sene.com\/2024\/06\/07\/care-o-sene-im-blickpunkt-bei-zeit-fuer-klima\/#article","isPartOf":{"@id":"https:\/\/care-o-sene.com\/2024\/06\/07\/care-o-sene-im-blickpunkt-bei-zeit-fuer-klima\/"},"author":{"name":"ORCA van Loon","@id":"https:\/\/care-o-sene.com\/#\/schema\/person\/e1b9cc05f42ac3c1f7be5ff4d5e04832"},"headline":"CARE-O-SENE im Blickpunkt bei &#8222;Zeit f\u00fcr Klima&#8220;","datePublished":"2024-06-07T12:13:44+00:00","dateModified":"2024-06-07T12:13:45+00:00","mainEntityOfPage":{"@id":"https:\/\/care-o-sene.com\/2024\/06\/07\/care-o-sene-im-blickpunkt-bei-zeit-fuer-klima\/"},"wordCount":354,"commentCount":0,"publisher":{"@id":"https:\/\/care-o-sene.com\/#organization"},"image":{"@id":"https:\/\/care-o-sene.com\/2024\/06\/07\/care-o-sene-im-blickpunkt-bei-zeit-fuer-klima\/#primaryimage"},"thumbnailUrl":"https:\/\/care-o-sene.com\/wp-content\/uploads\/Zeit-fuer-Klima_240606_small.jpg","articleSection":["Uncategorized"],"inLanguage":"en-GB","potentialAction":[{"@type":"CommentAction","name":"Comment","target":["https:\/\/care-o-sene.com\/2024\/06\/07\/care-o-sene-im-blickpunkt-bei-zeit-fuer-klima\/#respond"]}]},{"@type":"WebPage","@id":"https:\/\/care-o-sene.com\/2024\/06\/07\/care-o-sene-im-blickpunkt-bei-zeit-fuer-klima\/","url":"https:\/\/care-o-sene.com\/2024\/06\/07\/care-o-sene-im-blickpunkt-bei-zeit-fuer-klima\/","name":"CARE-O-SENE im Blickpunkt bei \"Zeit f\u00fcr Klima\" - CARE-O-SENE","isPartOf":{"@id":"https:\/\/care-o-sene.com\/#website"},"primaryImageOfPage":{"@id":"https:\/\/care-o-sene.com\/2024\/06\/07\/care-o-sene-im-blickpunkt-bei-zeit-fuer-klima\/#primaryimage"},"image":{"@id":"https:\/\/care-o-sene.com\/2024\/06\/07\/care-o-sene-im-blickpunkt-bei-zeit-fuer-klima\/#primaryimage"},"thumbnailUrl":"https:\/\/care-o-sene.com\/wp-content\/uploads\/Zeit-fuer-Klima_240606_small.jpg","datePublished":"2024-06-07T12:13:44+00:00","dateModified":"2024-06-07T12:13:45+00:00","breadcrumb":{"@id":"https:\/\/care-o-sene.com\/2024\/06\/07\/care-o-sene-im-blickpunkt-bei-zeit-fuer-klima\/#breadcrumb"},"inLanguage":"en-GB","potentialAction":[{"@type":"ReadAction","target":["https:\/\/care-o-sene.com\/2024\/06\/07\/care-o-sene-im-blickpunkt-bei-zeit-fuer-klima\/"]}]},{"@type":"ImageObject","inLanguage":"en-GB","@id":"https:\/\/care-o-sene.com\/2024\/06\/07\/care-o-sene-im-blickpunkt-bei-zeit-fuer-klima\/#primaryimage","url":"https:\/\/care-o-sene.com\/wp-content\/uploads\/Zeit-fuer-Klima_240606_small.jpg","contentUrl":"https:\/\/care-o-sene.com\/wp-content\/uploads\/Zeit-fuer-Klima_240606_small.jpg","width":1920,"height":1328},{"@type":"BreadcrumbList","@id":"https:\/\/care-o-sene.com\/2024\/06\/07\/care-o-sene-im-blickpunkt-bei-zeit-fuer-klima\/#breadcrumb","itemListElement":[{"@type":"ListItem","position":1,"name":"Startseite","item":"https:\/\/care-o-sene.com\/"},{"@type":"ListItem","position":2,"name":"CARE-O-SENE im Blickpunkt bei &#8222;Zeit f\u00fcr Klima&#8220;"}]},{"@type":"WebSite","@id":"https:\/\/care-o-sene.com\/#website","url":"https:\/\/care-o-sene.com\/","name":"CARE-O-SENE","description":"Catalyst Research for Sustainable Kerosene","publisher":{"@id":"https:\/\/care-o-sene.com\/#organization"},"potentialAction":[{"@type":"SearchAction","target":{"@type":"EntryPoint","urlTemplate":"https:\/\/care-o-sene.com\/?s={search_term_string}"},"query-input":{"@type":"PropertyValueSpecification","valueRequired":true,"valueName":"search_term_string"}}],"inLanguage":"en-GB"},{"@type":"Organization","@id":"https:\/\/care-o-sene.com\/#organization","name":"CARE-O-SENE","url":"https:\/\/care-o-sene.com\/","logo":{"@type":"ImageObject","inLanguage":"en-GB","@id":"https:\/\/care-o-sene.com\/#\/schema\/logo\/image\/","url":"https:\/\/care-o-sene.com\/wp-content\/uploads\/favicon-1.png","contentUrl":"https:\/\/care-o-sene.com\/wp-content\/uploads\/favicon-1.png","width":383,"height":389,"caption":"CARE-O-SENE"},"image":{"@id":"https:\/\/care-o-sene.com\/#\/schema\/logo\/image\/"}},{"@type":"Person","@id":"https:\/\/care-o-sene.com\/#\/schema\/person\/e1b9cc05f42ac3c1f7be5ff4d5e04832","name":"ORCA van Loon","image":{"@type":"ImageObject","inLanguage":"en-GB","@id":"https:\/\/care-o-sene.com\/#\/schema\/person\/image\/","url":"https:\/\/secure.gravatar.com\/avatar\/8eb7842d608afc1953c086884470931aa993fcc6d189db48d359fdd7a5630ce2?s=96&d=mm&r=g","contentUrl":"https:\/\/secure.gravatar.com\/avatar\/8eb7842d608afc1953c086884470931aa993fcc6d189db48d359fdd7a5630ce2?s=96&d=mm&r=g","caption":"ORCA van Loon"},"url":"https:\/\/care-o-sene.com\/en\/author\/orca-van-loon\/"}]}},"_links":{"self":[{"href":"https:\/\/care-o-sene.com\/en\/wp-json\/wp\/v2\/posts\/3702","targetHints":{"allow":["GET"]}}],"collection":[{"href":"https:\/\/care-o-sene.com\/en\/wp-json\/wp\/v2\/posts"}],"about":[{"href":"https:\/\/care-o-sene.com\/en\/wp-json\/wp\/v2\/types\/post"}],"author":[{"embeddable":true,"href":"https:\/\/care-o-sene.com\/en\/wp-json\/wp\/v2\/users\/6"}],"replies":[{"embeddable":true,"href":"https:\/\/care-o-sene.com\/en\/wp-json\/wp\/v2\/comments?post=3702"}],"version-history":[{"count":1,"href":"https:\/\/care-o-sene.com\/en\/wp-json\/wp\/v2\/posts\/3702\/revisions"}],"predecessor-version":[{"id":3704,"href":"https:\/\/care-o-sene.com\/en\/wp-json\/wp\/v2\/posts\/3702\/revisions\/3704"}],"wp:featuredmedia":[{"embeddable":true,"href":"https:\/\/care-o-sene.com\/en\/wp-json\/wp\/v2\/media\/3703"}],"wp:attachment":[{"href":"https:\/\/care-o-sene.com\/en\/wp-json\/wp\/v2\/media?parent=3702"}],"wp:term":[{"taxonomy":"category","embeddable":true,"href":"https:\/\/care-o-sene.com\/en\/wp-json\/wp\/v2\/categories?post=3702"},{"taxonomy":"post_tag","embeddable":true,"href":"https:\/\/care-o-sene.com\/en\/wp-json\/wp\/v2\/tags?post=3702"}],"curies":[{"name":"wp","href":"https:\/\/api.w.org\/{rel}","templated":true}]}}