{"id":4238,"date":"2025-09-04T15:48:39","date_gmt":"2025-09-04T13:48:39","guid":{"rendered":"https:\/\/care-o-sene.com\/?p=4238"},"modified":"2025-09-08T13:52:05","modified_gmt":"2025-09-08T11:52:05","slug":"dr-angela-siegel-uebernimmt-von-dr-dirk-schaer-die-co-leitung-von-care-o-sene","status":"publish","type":"post","link":"https:\/\/care-o-sene.com\/en\/2025\/09\/04\/dr-angela-siegel-uebernimmt-von-dr-dirk-schaer-die-co-leitung-von-care-o-sene\/","title":{"rendered":"Dr. Angela Siegel takes over from Dr. Dirk Sch\u00e4r as Co-Lead for CARE-O-SENE"},"content":{"rendered":"<h2 class=\"wp-block-heading\">Dr. Angela Siegel takes over from Dr. Dirk Sch\u00e4r as Co-Lead for CARE-O-SENE<\/h2>\n\n\n\n<p>Since 2022, Dr. Dirk Sch\u00e4r from Sasol has led the CARE-O-SENE project together with the Helmholtz Zentrum Berlin\u2019s Dr. Tobias Sontheimer. After accepting a new mission within the Sasol International Chemicals space, Dr. Sch\u00e4r will now hand over his responsibilities to his colleague, Dr. Angela Siegel.<\/p>\n\n\n\n<p>\u201cI am very happy that we have found an excellent successor for the co-head position in Angela Siegel,\u201d Dirk Sch\u00e4r commented. \u201cShe is a highly experienced catalyst researcher and has already played a central role within the consortium, particularly in the development of the new catalyst. I am confident she will continue to serve the project with the same dedication and joy that were my privilege over the last three years.\u201d<\/p>\n\n\n\n<p>Angela Siegel has worked at Sasol\u2019s Brunsb\u00fcttel site for more than seven years, where she manages R&amp;D for catalyst carriers. Within CARE-O-SENE, she contributes her expertise to innovative carrier development and serves as the on-site contact for the consortium. With her strong background in alumina-based catalyst carriers and earlier work at BASF\/Engelhard, she is ideally placed to help drive the project\u2019s mission of optimising catalyst carriers for sustainable aviation fuels.<\/p>\n\n\n\n<p>On her new role, Angela Siegel said: \u201cI am excited to take on this responsibility and to continue advancing such an important project. Catalyst carriers may be less visible, but they are the foundation of many chemical processes \u2014 and in CARE-O-SENE they play a vital role in making sustainable aviation fuels a reality.\u201d<\/p>\n\n\n\n<p>Dirk Sch\u00e4r emphasized that he leaves with something of a heavy heart: \u201cCARE-O-SENE was great fun and joy, and I am grateful I had the opportunity to work with so many highly talented people.\u201d The consortium expresses its deep gratitude for his commitment. He will continue to follow developments in Sustainable Aviation Fuels (SAF) and act as a Senior Consultant to CARE-O-SENE.<\/p>\n\n\n\n<div style=\"height:100px\" aria-hidden=\"true\" class=\"wp-block-spacer\"><\/div>\n\n\n<div class=\"wp-block-image\">\n<figure class=\"aligncenter size-medium is-resized\"><img fetchpriority=\"high\" decoding=\"async\" width=\"300\" height=\"225\" src=\"https:\/\/care-o-sene.com\/wp-content\/uploads\/DIRK-ANGELA-DUETT-300x225.jpg\" alt=\"\" class=\"wp-image-4239\" style=\"width:700px\" srcset=\"https:\/\/care-o-sene.com\/wp-content\/uploads\/DIRK-ANGELA-DUETT-300x225.jpg 300w, https:\/\/care-o-sene.com\/wp-content\/uploads\/DIRK-ANGELA-DUETT-1024x768.jpg 1024w, https:\/\/care-o-sene.com\/wp-content\/uploads\/DIRK-ANGELA-DUETT-768x576.jpg 768w, https:\/\/care-o-sene.com\/wp-content\/uploads\/DIRK-ANGELA-DUETT-16x12.jpg 16w, https:\/\/care-o-sene.com\/wp-content\/uploads\/DIRK-ANGELA-DUETT.jpg 1280w\" sizes=\"(max-width: 300px) 100vw, 300px\" \/><\/figure>\n<\/div>\n\n\n<div style=\"height:100px\" aria-hidden=\"true\" class=\"wp-block-spacer\"><\/div>","protected":false},"excerpt":{"rendered":"<p>Dr. Angela Siegel \u00fcbernimmt von Dr. Dirk Sch\u00e4r die Co-Leitung von CARE-O-SENE Seit 2022 leitete Dr. Dirk Sch\u00e4r von Sasol gemeinsam mit Dr. Tobias Sontheimer vom Helmholtz-Zentrum Berlin das Projekt CARE-O-SENE. Nachdem er eine neue Aufgabe im Bereich Sasol International Chemicals \u00fcbernommen hat, \u00fcbergibt er nun seine Verantwortung an seine Kollegin Dr. Angela Siegel. \u201eIch [&hellip;]<\/p>","protected":false},"author":6,"featured_media":758,"comment_status":"open","ping_status":"open","sticky":false,"template":"","format":"standard","meta":{"_acf_changed":false,"footnotes":""},"categories":[1],"tags":[],"class_list":["post-4238","post","type-post","status-publish","format-standard","has-post-thumbnail","hentry","category-uncategorized"],"acf":[],"yoast_head":"<!-- This site is optimized with the Yoast SEO plugin v25.8 - https:\/\/yoast.com\/wordpress\/plugins\/seo\/ -->\n<title>Dr. Angela Siegel \u00fcbernimmt von Dr. Dirk Sch\u00e4r die Co-Leitung von CARE-O-SENE - CARE-O-SENE<\/title>\n<meta name=\"robots\" content=\"index, follow, max-snippet:-1, max-image-preview:large, max-video-preview:-1\" \/>\n<link rel=\"canonical\" href=\"https:\/\/care-o-sene.com\/en\/2025\/09\/04\/dr-angela-siegel-uebernimmt-von-dr-dirk-schaer-die-co-leitung-von-care-o-sene\/\" \/>\n<meta property=\"og:locale\" content=\"en_GB\" \/>\n<meta property=\"og:type\" content=\"article\" \/>\n<meta property=\"og:title\" content=\"Dr. Angela Siegel \u00fcbernimmt von Dr. Dirk Sch\u00e4r die Co-Leitung von CARE-O-SENE - CARE-O-SENE\" \/>\n<meta property=\"og:description\" content=\"Dr. Angela Siegel \u00fcbernimmt von Dr. Dirk Sch\u00e4r die Co-Leitung von CARE-O-SENE Seit 2022 leitete Dr. Dirk Sch\u00e4r von Sasol gemeinsam mit Dr. Tobias Sontheimer vom Helmholtz-Zentrum Berlin das Projekt CARE-O-SENE. Nachdem er eine neue Aufgabe im Bereich Sasol International Chemicals \u00fcbernommen hat, \u00fcbergibt er nun seine Verantwortung an seine Kollegin Dr. Angela Siegel. \u201eIch [&hellip;]\" \/>\n<meta property=\"og:url\" content=\"https:\/\/care-o-sene.com\/en\/2025\/09\/04\/dr-angela-siegel-uebernimmt-von-dr-dirk-schaer-die-co-leitung-von-care-o-sene\/\" \/>\n<meta property=\"og:site_name\" content=\"CARE-O-SENE\" \/>\n<meta property=\"article:published_time\" content=\"2025-09-04T13:48:39+00:00\" \/>\n<meta property=\"article:modified_time\" content=\"2025-09-08T11:52:05+00:00\" \/>\n<meta property=\"og:image\" content=\"https:\/\/care-o-sene.com\/wp-content\/uploads\/AdobeStock_312524736-passengers-airplane_small.jpg\" \/>\n\t<meta property=\"og:image:width\" content=\"1920\" \/>\n\t<meta property=\"og:image:height\" content=\"1280\" \/>\n\t<meta property=\"og:image:type\" content=\"image\/jpeg\" \/>\n<meta name=\"author\" content=\"ORCA van Loon\" \/>\n<meta name=\"twitter:card\" content=\"summary_large_image\" \/>\n<meta name=\"twitter:label1\" content=\"Written by\" \/>\n\t<meta name=\"twitter:data1\" content=\"ORCA van Loon\" \/>\n\t<meta name=\"twitter:label2\" content=\"Estimated reading time\" \/>\n\t<meta name=\"twitter:data2\" content=\"3 minutes\" \/>\n<script type=\"application\/ld+json\" class=\"yoast-schema-graph\">{\"@context\":\"https:\/\/schema.org\",\"@graph\":[{\"@type\":\"Article\",\"@id\":\"https:\/\/care-o-sene.com\/2025\/09\/04\/dr-angela-siegel-uebernimmt-von-dr-dirk-schaer-die-co-leitung-von-care-o-sene\/#article\",\"isPartOf\":{\"@id\":\"https:\/\/care-o-sene.com\/2025\/09\/04\/dr-angela-siegel-uebernimmt-von-dr-dirk-schaer-die-co-leitung-von-care-o-sene\/\"},\"author\":{\"name\":\"ORCA van Loon\",\"@id\":\"https:\/\/care-o-sene.com\/#\/schema\/person\/e1b9cc05f42ac3c1f7be5ff4d5e04832\"},\"headline\":\"Dr. Angela Siegel \u00fcbernimmt von Dr. Dirk Sch\u00e4r die Co-Leitung von CARE-O-SENE\",\"datePublished\":\"2025-09-04T13:48:39+00:00\",\"dateModified\":\"2025-09-08T11:52:05+00:00\",\"mainEntityOfPage\":{\"@id\":\"https:\/\/care-o-sene.com\/2025\/09\/04\/dr-angela-siegel-uebernimmt-von-dr-dirk-schaer-die-co-leitung-von-care-o-sene\/\"},\"wordCount\":350,\"commentCount\":0,\"publisher\":{\"@id\":\"https:\/\/care-o-sene.com\/#organization\"},\"image\":{\"@id\":\"https:\/\/care-o-sene.com\/2025\/09\/04\/dr-angela-siegel-uebernimmt-von-dr-dirk-schaer-die-co-leitung-von-care-o-sene\/#primaryimage\"},\"thumbnailUrl\":\"https:\/\/care-o-sene.com\/wp-content\/uploads\/AdobeStock_312524736-passengers-airplane_small.jpg\",\"articleSection\":[\"Uncategorized\"],\"inLanguage\":\"en-GB\",\"potentialAction\":[{\"@type\":\"CommentAction\",\"name\":\"Comment\",\"target\":[\"https:\/\/care-o-sene.com\/2025\/09\/04\/dr-angela-siegel-uebernimmt-von-dr-dirk-schaer-die-co-leitung-von-care-o-sene\/#respond\"]}]},{\"@type\":\"WebPage\",\"@id\":\"https:\/\/care-o-sene.com\/2025\/09\/04\/dr-angela-siegel-uebernimmt-von-dr-dirk-schaer-die-co-leitung-von-care-o-sene\/\",\"url\":\"https:\/\/care-o-sene.com\/2025\/09\/04\/dr-angela-siegel-uebernimmt-von-dr-dirk-schaer-die-co-leitung-von-care-o-sene\/\",\"name\":\"Dr. Angela Siegel \u00fcbernimmt von Dr. Dirk Sch\u00e4r die Co-Leitung von CARE-O-SENE - CARE-O-SENE\",\"isPartOf\":{\"@id\":\"https:\/\/care-o-sene.com\/#website\"},\"primaryImageOfPage\":{\"@id\":\"https:\/\/care-o-sene.com\/2025\/09\/04\/dr-angela-siegel-uebernimmt-von-dr-dirk-schaer-die-co-leitung-von-care-o-sene\/#primaryimage\"},\"image\":{\"@id\":\"https:\/\/care-o-sene.com\/2025\/09\/04\/dr-angela-siegel-uebernimmt-von-dr-dirk-schaer-die-co-leitung-von-care-o-sene\/#primaryimage\"},\"thumbnailUrl\":\"https:\/\/care-o-sene.com\/wp-content\/uploads\/AdobeStock_312524736-passengers-airplane_small.jpg\",\"datePublished\":\"2025-09-04T13:48:39+00:00\",\"dateModified\":\"2025-09-08T11:52:05+00:00\",\"breadcrumb\":{\"@id\":\"https:\/\/care-o-sene.com\/2025\/09\/04\/dr-angela-siegel-uebernimmt-von-dr-dirk-schaer-die-co-leitung-von-care-o-sene\/#breadcrumb\"},\"inLanguage\":\"en-GB\",\"potentialAction\":[{\"@type\":\"ReadAction\",\"target\":[\"https:\/\/care-o-sene.com\/2025\/09\/04\/dr-angela-siegel-uebernimmt-von-dr-dirk-schaer-die-co-leitung-von-care-o-sene\/\"]}]},{\"@type\":\"ImageObject\",\"inLanguage\":\"en-GB\",\"@id\":\"https:\/\/care-o-sene.com\/2025\/09\/04\/dr-angela-siegel-uebernimmt-von-dr-dirk-schaer-die-co-leitung-von-care-o-sene\/#primaryimage\",\"url\":\"https:\/\/care-o-sene.com\/wp-content\/uploads\/AdobeStock_312524736-passengers-airplane_small.jpg\",\"contentUrl\":\"https:\/\/care-o-sene.com\/wp-content\/uploads\/AdobeStock_312524736-passengers-airplane_small.jpg\",\"width\":1920,\"height\":1280,\"caption\":\"Passenger airplane flying in the blue sky. Travel and vacation concept\"},{\"@type\":\"BreadcrumbList\",\"@id\":\"https:\/\/care-o-sene.com\/2025\/09\/04\/dr-angela-siegel-uebernimmt-von-dr-dirk-schaer-die-co-leitung-von-care-o-sene\/#breadcrumb\",\"itemListElement\":[{\"@type\":\"ListItem\",\"position\":1,\"name\":\"Startseite\",\"item\":\"https:\/\/care-o-sene.com\/\"},{\"@type\":\"ListItem\",\"position\":2,\"name\":\"Dr. Angela Siegel \u00fcbernimmt von Dr. Dirk Sch\u00e4r die Co-Leitung von CARE-O-SENE\"}]},{\"@type\":\"WebSite\",\"@id\":\"https:\/\/care-o-sene.com\/#website\",\"url\":\"https:\/\/care-o-sene.com\/\",\"name\":\"CARE-O-SENE\",\"description\":\"Catalyst Research for Sustainable Kerosene\",\"publisher\":{\"@id\":\"https:\/\/care-o-sene.com\/#organization\"},\"potentialAction\":[{\"@type\":\"SearchAction\",\"target\":{\"@type\":\"EntryPoint\",\"urlTemplate\":\"https:\/\/care-o-sene.com\/?s={search_term_string}\"},\"query-input\":{\"@type\":\"PropertyValueSpecification\",\"valueRequired\":true,\"valueName\":\"search_term_string\"}}],\"inLanguage\":\"en-GB\"},{\"@type\":\"Organization\",\"@id\":\"https:\/\/care-o-sene.com\/#organization\",\"name\":\"CARE-O-SENE\",\"url\":\"https:\/\/care-o-sene.com\/\",\"logo\":{\"@type\":\"ImageObject\",\"inLanguage\":\"en-GB\",\"@id\":\"https:\/\/care-o-sene.com\/#\/schema\/logo\/image\/\",\"url\":\"https:\/\/care-o-sene.com\/wp-content\/uploads\/favicon-1.png\",\"contentUrl\":\"https:\/\/care-o-sene.com\/wp-content\/uploads\/favicon-1.png\",\"width\":383,\"height\":389,\"caption\":\"CARE-O-SENE\"},\"image\":{\"@id\":\"https:\/\/care-o-sene.com\/#\/schema\/logo\/image\/\"}},{\"@type\":\"Person\",\"@id\":\"https:\/\/care-o-sene.com\/#\/schema\/person\/e1b9cc05f42ac3c1f7be5ff4d5e04832\",\"name\":\"ORCA van Loon\",\"image\":{\"@type\":\"ImageObject\",\"inLanguage\":\"en-GB\",\"@id\":\"https:\/\/care-o-sene.com\/#\/schema\/person\/image\/\",\"url\":\"https:\/\/secure.gravatar.com\/avatar\/8eb7842d608afc1953c086884470931aa993fcc6d189db48d359fdd7a5630ce2?s=96&d=mm&r=g\",\"contentUrl\":\"https:\/\/secure.gravatar.com\/avatar\/8eb7842d608afc1953c086884470931aa993fcc6d189db48d359fdd7a5630ce2?s=96&d=mm&r=g\",\"caption\":\"ORCA van Loon\"},\"url\":\"https:\/\/care-o-sene.com\/en\/author\/orca-van-loon\/\"}]}<\/script>\n<!-- \/ Yoast SEO plugin. -->","yoast_head_json":{"title":"Dr. Angela Siegel \u00fcbernimmt von Dr. Dirk Sch\u00e4r die Co-Leitung von CARE-O-SENE - CARE-O-SENE","robots":{"index":"index","follow":"follow","max-snippet":"max-snippet:-1","max-image-preview":"max-image-preview:large","max-video-preview":"max-video-preview:-1"},"canonical":"https:\/\/care-o-sene.com\/en\/2025\/09\/04\/dr-angela-siegel-uebernimmt-von-dr-dirk-schaer-die-co-leitung-von-care-o-sene\/","og_locale":"en_GB","og_type":"article","og_title":"Dr. Angela Siegel \u00fcbernimmt von Dr. Dirk Sch\u00e4r die Co-Leitung von CARE-O-SENE - CARE-O-SENE","og_description":"Dr. Angela Siegel \u00fcbernimmt von Dr. Dirk Sch\u00e4r die Co-Leitung von CARE-O-SENE Seit 2022 leitete Dr. Dirk Sch\u00e4r von Sasol gemeinsam mit Dr. Tobias Sontheimer vom Helmholtz-Zentrum Berlin das Projekt CARE-O-SENE. Nachdem er eine neue Aufgabe im Bereich Sasol International Chemicals \u00fcbernommen hat, \u00fcbergibt er nun seine Verantwortung an seine Kollegin Dr. Angela Siegel. \u201eIch [&hellip;]","og_url":"https:\/\/care-o-sene.com\/en\/2025\/09\/04\/dr-angela-siegel-uebernimmt-von-dr-dirk-schaer-die-co-leitung-von-care-o-sene\/","og_site_name":"CARE-O-SENE","article_published_time":"2025-09-04T13:48:39+00:00","article_modified_time":"2025-09-08T11:52:05+00:00","og_image":[{"width":1920,"height":1280,"url":"https:\/\/care-o-sene.com\/wp-content\/uploads\/AdobeStock_312524736-passengers-airplane_small.jpg","type":"image\/jpeg"}],"author":"ORCA van Loon","twitter_card":"summary_large_image","twitter_misc":{"Written by":"ORCA van Loon","Estimated reading time":"3 minutes"},"schema":{"@context":"https:\/\/schema.org","@graph":[{"@type":"Article","@id":"https:\/\/care-o-sene.com\/2025\/09\/04\/dr-angela-siegel-uebernimmt-von-dr-dirk-schaer-die-co-leitung-von-care-o-sene\/#article","isPartOf":{"@id":"https:\/\/care-o-sene.com\/2025\/09\/04\/dr-angela-siegel-uebernimmt-von-dr-dirk-schaer-die-co-leitung-von-care-o-sene\/"},"author":{"name":"ORCA van Loon","@id":"https:\/\/care-o-sene.com\/#\/schema\/person\/e1b9cc05f42ac3c1f7be5ff4d5e04832"},"headline":"Dr. Angela Siegel \u00fcbernimmt von Dr. Dirk Sch\u00e4r die Co-Leitung von CARE-O-SENE","datePublished":"2025-09-04T13:48:39+00:00","dateModified":"2025-09-08T11:52:05+00:00","mainEntityOfPage":{"@id":"https:\/\/care-o-sene.com\/2025\/09\/04\/dr-angela-siegel-uebernimmt-von-dr-dirk-schaer-die-co-leitung-von-care-o-sene\/"},"wordCount":350,"commentCount":0,"publisher":{"@id":"https:\/\/care-o-sene.com\/#organization"},"image":{"@id":"https:\/\/care-o-sene.com\/2025\/09\/04\/dr-angela-siegel-uebernimmt-von-dr-dirk-schaer-die-co-leitung-von-care-o-sene\/#primaryimage"},"thumbnailUrl":"https:\/\/care-o-sene.com\/wp-content\/uploads\/AdobeStock_312524736-passengers-airplane_small.jpg","articleSection":["Uncategorized"],"inLanguage":"en-GB","potentialAction":[{"@type":"CommentAction","name":"Comment","target":["https:\/\/care-o-sene.com\/2025\/09\/04\/dr-angela-siegel-uebernimmt-von-dr-dirk-schaer-die-co-leitung-von-care-o-sene\/#respond"]}]},{"@type":"WebPage","@id":"https:\/\/care-o-sene.com\/2025\/09\/04\/dr-angela-siegel-uebernimmt-von-dr-dirk-schaer-die-co-leitung-von-care-o-sene\/","url":"https:\/\/care-o-sene.com\/2025\/09\/04\/dr-angela-siegel-uebernimmt-von-dr-dirk-schaer-die-co-leitung-von-care-o-sene\/","name":"Dr. Angela Siegel \u00fcbernimmt von Dr. Dirk Sch\u00e4r die Co-Leitung von CARE-O-SENE - CARE-O-SENE","isPartOf":{"@id":"https:\/\/care-o-sene.com\/#website"},"primaryImageOfPage":{"@id":"https:\/\/care-o-sene.com\/2025\/09\/04\/dr-angela-siegel-uebernimmt-von-dr-dirk-schaer-die-co-leitung-von-care-o-sene\/#primaryimage"},"image":{"@id":"https:\/\/care-o-sene.com\/2025\/09\/04\/dr-angela-siegel-uebernimmt-von-dr-dirk-schaer-die-co-leitung-von-care-o-sene\/#primaryimage"},"thumbnailUrl":"https:\/\/care-o-sene.com\/wp-content\/uploads\/AdobeStock_312524736-passengers-airplane_small.jpg","datePublished":"2025-09-04T13:48:39+00:00","dateModified":"2025-09-08T11:52:05+00:00","breadcrumb":{"@id":"https:\/\/care-o-sene.com\/2025\/09\/04\/dr-angela-siegel-uebernimmt-von-dr-dirk-schaer-die-co-leitung-von-care-o-sene\/#breadcrumb"},"inLanguage":"en-GB","potentialAction":[{"@type":"ReadAction","target":["https:\/\/care-o-sene.com\/2025\/09\/04\/dr-angela-siegel-uebernimmt-von-dr-dirk-schaer-die-co-leitung-von-care-o-sene\/"]}]},{"@type":"ImageObject","inLanguage":"en-GB","@id":"https:\/\/care-o-sene.com\/2025\/09\/04\/dr-angela-siegel-uebernimmt-von-dr-dirk-schaer-die-co-leitung-von-care-o-sene\/#primaryimage","url":"https:\/\/care-o-sene.com\/wp-content\/uploads\/AdobeStock_312524736-passengers-airplane_small.jpg","contentUrl":"https:\/\/care-o-sene.com\/wp-content\/uploads\/AdobeStock_312524736-passengers-airplane_small.jpg","width":1920,"height":1280,"caption":"Passenger airplane flying in the blue sky. Travel and vacation concept"},{"@type":"BreadcrumbList","@id":"https:\/\/care-o-sene.com\/2025\/09\/04\/dr-angela-siegel-uebernimmt-von-dr-dirk-schaer-die-co-leitung-von-care-o-sene\/#breadcrumb","itemListElement":[{"@type":"ListItem","position":1,"name":"Startseite","item":"https:\/\/care-o-sene.com\/"},{"@type":"ListItem","position":2,"name":"Dr. Angela Siegel \u00fcbernimmt von Dr. Dirk Sch\u00e4r die Co-Leitung von CARE-O-SENE"}]},{"@type":"WebSite","@id":"https:\/\/care-o-sene.com\/#website","url":"https:\/\/care-o-sene.com\/","name":"CARE-O-SENE","description":"Catalyst Research for Sustainable Kerosene","publisher":{"@id":"https:\/\/care-o-sene.com\/#organization"},"potentialAction":[{"@type":"SearchAction","target":{"@type":"EntryPoint","urlTemplate":"https:\/\/care-o-sene.com\/?s={search_term_string}"},"query-input":{"@type":"PropertyValueSpecification","valueRequired":true,"valueName":"search_term_string"}}],"inLanguage":"en-GB"},{"@type":"Organization","@id":"https:\/\/care-o-sene.com\/#organization","name":"CARE-O-SENE","url":"https:\/\/care-o-sene.com\/","logo":{"@type":"ImageObject","inLanguage":"en-GB","@id":"https:\/\/care-o-sene.com\/#\/schema\/logo\/image\/","url":"https:\/\/care-o-sene.com\/wp-content\/uploads\/favicon-1.png","contentUrl":"https:\/\/care-o-sene.com\/wp-content\/uploads\/favicon-1.png","width":383,"height":389,"caption":"CARE-O-SENE"},"image":{"@id":"https:\/\/care-o-sene.com\/#\/schema\/logo\/image\/"}},{"@type":"Person","@id":"https:\/\/care-o-sene.com\/#\/schema\/person\/e1b9cc05f42ac3c1f7be5ff4d5e04832","name":"ORCA van Loon","image":{"@type":"ImageObject","inLanguage":"en-GB","@id":"https:\/\/care-o-sene.com\/#\/schema\/person\/image\/","url":"https:\/\/secure.gravatar.com\/avatar\/8eb7842d608afc1953c086884470931aa993fcc6d189db48d359fdd7a5630ce2?s=96&d=mm&r=g","contentUrl":"https:\/\/secure.gravatar.com\/avatar\/8eb7842d608afc1953c086884470931aa993fcc6d189db48d359fdd7a5630ce2?s=96&d=mm&r=g","caption":"ORCA van Loon"},"url":"https:\/\/care-o-sene.com\/en\/author\/orca-van-loon\/"}]}},"_links":{"self":[{"href":"https:\/\/care-o-sene.com\/en\/wp-json\/wp\/v2\/posts\/4238","targetHints":{"allow":["GET"]}}],"collection":[{"href":"https:\/\/care-o-sene.com\/en\/wp-json\/wp\/v2\/posts"}],"about":[{"href":"https:\/\/care-o-sene.com\/en\/wp-json\/wp\/v2\/types\/post"}],"author":[{"embeddable":true,"href":"https:\/\/care-o-sene.com\/en\/wp-json\/wp\/v2\/users\/6"}],"replies":[{"embeddable":true,"href":"https:\/\/care-o-sene.com\/en\/wp-json\/wp\/v2\/comments?post=4238"}],"version-history":[{"count":4,"href":"https:\/\/care-o-sene.com\/en\/wp-json\/wp\/v2\/posts\/4238\/revisions"}],"predecessor-version":[{"id":4245,"href":"https:\/\/care-o-sene.com\/en\/wp-json\/wp\/v2\/posts\/4238\/revisions\/4245"}],"wp:featuredmedia":[{"embeddable":true,"href":"https:\/\/care-o-sene.com\/en\/wp-json\/wp\/v2\/media\/758"}],"wp:attachment":[{"href":"https:\/\/care-o-sene.com\/en\/wp-json\/wp\/v2\/media?parent=4238"}],"wp:term":[{"taxonomy":"category","embeddable":true,"href":"https:\/\/care-o-sene.com\/en\/wp-json\/wp\/v2\/categories?post=4238"},{"taxonomy":"post_tag","embeddable":true,"href":"https:\/\/care-o-sene.com\/en\/wp-json\/wp\/v2\/tags?post=4238"}],"curies":[{"name":"wp","href":"https:\/\/api.w.org\/{rel}","templated":true}]}}